{"id":97190,"date":"2021-08-09T17:12:43","date_gmt":"2021-08-09T20:12:43","guid":{"rendered":"https:\/\/eldiariodesanpedro.com.ar\/sitio\/?p=97190"},"modified":"2026-01-23T23:14:31","modified_gmt":"2026-01-24T02:14:31","slug":"alberto-fernandez-vamos-a-hacer-de-internet-un-servicio-publico-y-que-se-enojen-los-que-se-tengan-que-enojar","status":"publish","type":"post","link":"https:\/\/eldiariodesanpedro.com.ar\/sitio\/alberto-fernandez-vamos-a-hacer-de-internet-un-servicio-publico-y-que-se-enojen-los-que-se-tengan-que-enojar\/","title":{"rendered":"Alberto Fern\u00e1ndez: \u201cVamos a hacer de internet un servicio p\u00fablico y que se enojen los que se tengan que enojar\u201d"},"content":{"rendered":"<!-- VideographyWP Plugin Message: Automatic video embedding prevented by plugin options. -->\n\n<p>El Presidente encabez\u00f3 el lanzamiento del plan Argentina Programa en Tecn\u00f3polis. \u201cLa condici\u00f3n revolucionaria la sigo manteniendo viva\u201d, asegur\u00f3<\/p>\n\n\n\n<p><mark>\u201c<strong>Es impensable vivir en un mundo donde la conectividad no llegue a todos. Se enojan porque digo que internet es un servicio p\u00fablico&#8230; \u00a1que se enojen! Porque vamos a hacer de internet un servicio p\u00fablico para que llegue a todos los argentinos y las argentinas y que no nos estafen ni nos roben con las tarifas<\/strong>\u201d,<\/mark>\u00a0asegur\u00f3 este lunes el presidente Alberto Fern\u00e1ndez en la presentaci\u00f3n del plan Argentina Programa.<\/p>\n\n\n\n<p>El a\u00f1o pasado, el propio Fern\u00e1ndez declar\u00f3 por decreto como servicios p\u00fablicos a la telefon\u00eda, internet, y televisi\u00f3n paga. La decisi\u00f3n gener\u00f3 un fuerte malestar en el sector y la reacci\u00f3n de las empresas de telecomunicaci\u00f3n,\u00a0que plantearon duras cr\u00edticas al oficialismo.<\/p>\n\n\n\n<p>En t\u00e9rminos pr\u00e1cticos, el decreto oblig\u00f3 a las compa\u00f1\u00edas a consensuar con el gobierno nacional cu\u00e1ndo y cu\u00e1nto pod\u00edan aumentar sus tarifas, lo que deriv\u00f3 en reclamos judiciales que a\u00fan hoy se est\u00e1n tramitando y en multas administrativas.<\/p>\n\n\n\n<p>Sin dar demasiados detalles sobre la cuesti\u00f3n, el Presidente esboz\u00f3 hoy su frase en medio del lanzamiento de un proyecto que busca capacitar a 60 mil j\u00f3venes de todo el pa\u00eds en programaci\u00f3n. Incluye subsidios de $100 mil para adquirir computadoras y tarjetas de conexi\u00f3n gratuita a internet.<\/p>\n\n\n\n<p>Al hablarle a los j\u00f3venes, un grupo que podr\u00eda ser determinante en las pr\u00f3ximas elecciones, el mandatario destac\u00f3 adem\u00e1s otra frase: \u201c<mark><strong>La condici\u00f3n revolucionaria la sigo manteniendo viva y por eso reivindico las cosas que tienen que ver con las libertades humanas, la cuales nunca voy a dejar de defender<\/strong><\/mark><strong>\u201d.<\/strong><\/p>\n\n\n\n<p>\u201cJunten todas las fuerzas y rebeld\u00edas. Los necesito a todos movilizados y reclamando\u201d, pidi\u00f3.<\/p>\n\n\n\n<p>Su discurso incluy\u00f3 adem\u00e1s cr\u00edticas a los candidatos liberales que se muestran como una opci\u00f3n a su gobierno. \u201cHay libertarios que hablan de libertades y le dicen a los j\u00f3venes que salgan a las calles a luchar contra quienes les dijeron que se quedaran en sus casas.\u00a0<strong>A esos liberales p\u00edquenle el boleto. Ese discurso lo conozco bien. Esa libertad es para algunos y cat\u00e1strofe y penuria para millones<\/strong>\u201d, advirti\u00f3.<\/p>\n\n\n\n<p>Fuente: <a href=\"https:\/\/www.infobae.com\/politica\/2021\/08\/09\/alberto-fernandez-vamos-a-hacer-de-internet-un-servicio-publico-y-que-se-enojen-los-que-se-tengan-que-enojar\/?fbclid=IwAR1CD57I7PX4LRQYzG5nXfgaEnxb77XhONMWkb9wr8blG77zXwenw4yYdm8\">Infobae<\/a><\/p>\n","protected":false},"excerpt":{"rendered":"<p>El Presidente encabez\u00f3 el lanzamiento del plan Argentina Programa en Tecn\u00f3polis. \u201cLa condici\u00f3n revolucionaria la sigo manteniendo viva\u201d, asegur\u00f3 \u201cEs impensable vivir en un mundo donde la conectividad no llegue a todos. Se enojan porque digo que internet es un servicio p\u00fablico&#8230; \u00a1que se enojen! Porque vamos a hacer de internet un servicio p\u00fablico para [&hellip;]<\/p>\n","protected":false},"author":4,"featured_media":97191,"comment_status":"closed","ping_status":"closed","sticky":false,"template":"","format":"standard","meta":{"om_disable_all_campaigns":false,"_jetpack_memberships_contains_paid_content":false,"footnotes":""},"categories":[3],"tags":[],"class_list":["post-97190","post","type-post","status-publish","format-standard","has-post-thumbnail","hentry","category-nacionales"],"aioseo_notices":[],"gutentor_comment":0,"jetpack_featured_media_url":"https:\/\/eldiariodesanpedro.com.ar\/sitio\/wp-content\/uploads\/2021\/08\/045301.jpg","jetpack_shortlink":"https:\/\/wp.me\/p6RhLt-phA","jetpack_sharing_enabled":true,"_links":{"self":[{"href":"https:\/\/eldiariodesanpedro.com.ar\/sitio\/wp-json\/wp\/v2\/posts\/97190","targetHints":{"allow":["GET"]}}],"collection":[{"href":"https:\/\/eldiariodesanpedro.com.ar\/sitio\/wp-json\/wp\/v2\/posts"}],"about":[{"href":"https:\/\/eldiariodesanpedro.com.ar\/sitio\/wp-json\/wp\/v2\/types\/post"}],"author":[{"embeddable":true,"href":"https:\/\/eldiariodesanpedro.com.ar\/sitio\/wp-json\/wp\/v2\/users\/4"}],"replies":[{"embeddable":true,"href":"https:\/\/eldiariodesanpedro.com.ar\/sitio\/wp-json\/wp\/v2\/comments?post=97190"}],"version-history":[{"count":1,"href":"https:\/\/eldiariodesanpedro.com.ar\/sitio\/wp-json\/wp\/v2\/posts\/97190\/revisions"}],"predecessor-version":[{"id":97192,"href":"https:\/\/eldiariodesanpedro.com.ar\/sitio\/wp-json\/wp\/v2\/posts\/97190\/revisions\/97192"}],"wp:featuredmedia":[{"embeddable":true,"href":"https:\/\/eldiariodesanpedro.com.ar\/sitio\/wp-json\/wp\/v2\/media\/97191"}],"wp:attachment":[{"href":"https:\/\/eldiariodesanpedro.com.ar\/sitio\/wp-json\/wp\/v2\/media?parent=97190"}],"wp:term":[{"taxonomy":"category","embeddable":true,"href":"https:\/\/eldiariodesanpedro.com.ar\/sitio\/wp-json\/wp\/v2\/categories?post=97190"},{"taxonomy":"post_tag","embeddable":true,"href":"https:\/\/eldiariodesanpedro.com.ar\/sitio\/wp-json\/wp\/v2\/tags?post=97190"}],"curies":[{"name":"wp","href":"https:\/\/api.w.org\/{rel}","templated":true}]}}