{"id":97189,"date":"2021-08-09T17:28:08","date_gmt":"2021-08-09T20:28:08","guid":{"rendered":"https:\/\/eldiariodesanpedro.com.ar\/sitio\/?p=97189"},"modified":"2021-08-09T17:28:12","modified_gmt":"2021-08-09T20:28:12","slug":"baradero-estados-alterados-un-hombre-le-rompio-el-vidrio-del-auto-a-un-hombre-y-otro-vecino-atropello-al-agresor","status":"publish","type":"post","link":"https:\/\/eldiariodesanpedro.com.ar\/sitio\/baradero-estados-alterados-un-hombre-le-rompio-el-vidrio-del-auto-a-un-hombre-y-otro-vecino-atropello-al-agresor\/","title":{"rendered":"BARADERO | Estados alterados, un hombre le rompio el vidrio del auto a un hombre y otro vecino atropello al agresor"},"content":{"rendered":"<!-- VideographyWP Plugin Message: Automatic video embedding prevented by plugin options. -->\n\n<p>Este domingo ocurri\u00f3 un hecho de violencia por estados alterados, un ciudadano le rompi\u00f3 el vidrio de un autom\u00f3vil porque solamente no le dio dinero y qued\u00f3 registrado por un vecino, otro vecino que se encontraba cerca tom\u00f3 su autom\u00f3vil y atropell\u00f3 al agresor.<\/p>\n\n\n\n<p>Ocurri\u00f3 en Alsina este domingo por lo que seg\u00fan los propios testigos, el agresor que rompio el vidrio, previamente le hab\u00eda pedido dinero al conductor del auto que al negarse sufri\u00f3 la agresi\u00f3n contra su veh\u00edculo.<\/p>\n\n\n\n<p>Otro vecino que circulaba en auto y observ\u00f3 la situaci\u00f3n, por lo que tomola decision de atropellar al agresor.<\/p>\n\n\n\n<p>El ciudadano herido fue trasladado por la polic\u00eda a la Sala de Primeros Auxilios en donde momentos despues se arm\u00f3 una gran trifulca.<\/p>\n\n\n\n<iframe data-src=\"https:\/\/www.facebook.com\/plugins\/video.php?height=476&#038;href=https%3A%2F%2Fwww.facebook.com%2Fdiariosp2%2Fvideos%2F351831723135243%2F&#038;show_text=false&#038;width=268&#038;t=0\" width=\"268\" height=\"476\" style=\"border:none;overflow:hidden\" scrolling=\"no\" frameborder=\"0\" allowfullscreen=\"true\" allow=\"autoplay; clipboard-write; encrypted-media; picture-in-picture; web-share\" allowFullScreen=\"true\" src=\"data:image\/svg+xml;base64,PHN2ZyB3aWR0aD0iMSIgaGVpZ2h0PSIxIiB4bWxucz0iaHR0cDovL3d3dy53My5vcmcvMjAwMC9zdmciPjwvc3ZnPg==\" class=\"lazyload\" data-load-mode=\"1\"><\/iframe>\n\n\n\n<p>Fuente: Fm Tiempo<\/p>\n\n\n\n<p><\/p>\n","protected":false},"excerpt":{"rendered":"<p>Este domingo ocurri\u00f3 un hecho de violencia por estados alterados, un ciudadano le rompi\u00f3 el vidrio de un autom\u00f3vil porque solamente no le dio dinero y qued\u00f3 registrado por un vecino, otro vecino que se encontraba cerca tom\u00f3 su autom\u00f3vil y atropell\u00f3 al agresor. Ocurri\u00f3 en Alsina este domingo por lo que seg\u00fan los propios [&hellip;]<\/p>\n","protected":false},"author":4,"featured_media":97193,"comment_status":"closed","ping_status":"closed","sticky":false,"template":"","format":"standard","meta":{"om_disable_all_campaigns":false,"_jetpack_memberships_contains_paid_content":false,"footnotes":""},"categories":[621],"tags":[],"class_list":["post-97189","post","type-post","status-publish","format-standard","has-post-thumbnail","hentry","category-regionales"],"aioseo_notices":[],"gutentor_comment":0,"jetpack_featured_media_url":"https:\/\/eldiariodesanpedro.com.ar\/sitio\/wp-content\/uploads\/2021\/08\/medida-1-1.jpg","jetpack_shortlink":"https:\/\/wp.me\/p6RhLt-phz","jetpack_sharing_enabled":true,"_links":{"self":[{"href":"https:\/\/eldiariodesanpedro.com.ar\/sitio\/wp-json\/wp\/v2\/posts\/97189","targetHints":{"allow":["GET"]}}],"collection":[{"href":"https:\/\/eldiariodesanpedro.com.ar\/sitio\/wp-json\/wp\/v2\/posts"}],"about":[{"href":"https:\/\/eldiariodesanpedro.com.ar\/sitio\/wp-json\/wp\/v2\/types\/post"}],"author":[{"embeddable":true,"href":"https:\/\/eldiariodesanpedro.com.ar\/sitio\/wp-json\/wp\/v2\/users\/4"}],"replies":[{"embeddable":true,"href":"https:\/\/eldiariodesanpedro.com.ar\/sitio\/wp-json\/wp\/v2\/comments?post=97189"}],"version-history":[{"count":1,"href":"https:\/\/eldiariodesanpedro.com.ar\/sitio\/wp-json\/wp\/v2\/posts\/97189\/revisions"}],"predecessor-version":[{"id":97194,"href":"https:\/\/eldiariodesanpedro.com.ar\/sitio\/wp-json\/wp\/v2\/posts\/97189\/revisions\/97194"}],"wp:featuredmedia":[{"embeddable":true,"href":"https:\/\/eldiariodesanpedro.com.ar\/sitio\/wp-json\/wp\/v2\/media\/97193"}],"wp:attachment":[{"href":"https:\/\/eldiariodesanpedro.com.ar\/sitio\/wp-json\/wp\/v2\/media?parent=97189"}],"wp:term":[{"taxonomy":"category","embeddable":true,"href":"https:\/\/eldiariodesanpedro.com.ar\/sitio\/wp-json\/wp\/v2\/categories?post=97189"},{"taxonomy":"post_tag","embeddable":true,"href":"https:\/\/eldiariodesanpedro.com.ar\/sitio\/wp-json\/wp\/v2\/tags?post=97189"}],"curies":[{"name":"wp","href":"https:\/\/api.w.org\/{rel}","templated":true}]}}