{"id":97176,"date":"2021-08-09T14:37:13","date_gmt":"2021-08-09T17:37:13","guid":{"rendered":"https:\/\/eldiariodesanpedro.com.ar\/sitio\/?p=97176"},"modified":"2021-08-09T14:57:32","modified_gmt":"2021-08-09T17:57:32","slug":"un-joven-que-caminaba-con-su-novia-fue-atropellado-por-un-conductor-en-automovil-por-un-conflicto-anterior-y-se-dio-a-la-fuga","status":"publish","type":"post","link":"https:\/\/eldiariodesanpedro.com.ar\/sitio\/un-joven-que-caminaba-con-su-novia-fue-atropellado-por-un-conductor-en-automovil-por-un-conflicto-anterior-y-se-dio-a-la-fuga\/","title":{"rendered":"Un joven que caminaba con su novia fue atropellado por un conductor en autom\u00f3vil por un conflicto anterior y se dio a la fuga"},"content":{"rendered":"<!-- VideographyWP Plugin Message: Automatic video embedding prevented by plugin options. -->\n\n<p>Otro grave hecho ocurri\u00f3 este domingo en horas de la madrugada donde una pareja fue atropellada por un ciudadano que conduc\u00eda un autom\u00f3vil por problemas de larga data.<\/p>\n\n\n\n<p>El hecho ocurri\u00f3 en horas de la madrugada del domingo alrededor de las 05:30 horas cuando el denunciante un joven de 18 a\u00f1os circulaba caminando con su novia de 25 a\u00f1os que llegando a la intersecci\u00f3n de las calles San Lorenzo y 11 de Septiembre es interceptado&nbsp; por otro ciudadano con el cual mantiene un conflicto de vieja data, quien llega a alta velocidad y frena sobre el cuerpo de estos j\u00f3venes empujandolos a la cinta asf\u00e1ltica ocasionandoles lesiones leves.<\/p>\n\n\n\n<p>El agresor despu\u00e9s de realizar esta maniobra se da a la fuga del lugar.<\/p>\n\n\n\n<p><strong>PUBLICIDAD ELECTORAL<\/strong><\/p>\n\n\n\n<figure class=\"wp-block-video\"><video height=\"1280\" style=\"aspect-ratio: 1024 \/ 1280;\" width=\"1024\" controls src=\"https:\/\/eldiariodesanpedro.com.ar\/sitio\/wp-content\/uploads\/2021\/08\/LAFALCE.mp4\"><\/video><\/figure>\n\n\n\n<figure class=\"wp-block-video\"><video height=\"1280\" style=\"aspect-ratio: 1024 \/ 1280;\" width=\"1024\" autoplay loop src=\"https:\/\/eldiariodesanpedro.com.ar\/sitio\/wp-content\/uploads\/2021\/08\/LAFALCE.mp4\"><\/video><\/figure>\n","protected":false},"excerpt":{"rendered":"<p>Otro grave hecho ocurri\u00f3 este domingo en horas de la madrugada donde una pareja fue atropellada por un ciudadano que conduc\u00eda un autom\u00f3vil por problemas de larga data. El hecho ocurri\u00f3 en horas de la madrugada del domingo alrededor de las 05:30 horas cuando el denunciante un joven de 18 a\u00f1os circulaba caminando con su [&hellip;]<\/p>\n","protected":false},"author":4,"featured_media":45394,"comment_status":"closed","ping_status":"closed","sticky":false,"template":"","format":"standard","meta":{"om_disable_all_campaigns":false,"_jetpack_memberships_contains_paid_content":false,"footnotes":""},"categories":[50,2,103],"tags":[],"class_list":["post-97176","post","type-post","status-publish","format-standard","has-post-thumbnail","hentry","category-destacadas","category-locales","category-policiales-locales"],"aioseo_notices":[],"gutentor_comment":0,"jetpack_featured_media_url":"https:\/\/eldiariodesanpedro.com.ar\/sitio\/wp-content\/uploads\/2019\/01\/comisaria.jpg","jetpack_shortlink":"https:\/\/wp.me\/p6RhLt-phm","jetpack_sharing_enabled":true,"_links":{"self":[{"href":"https:\/\/eldiariodesanpedro.com.ar\/sitio\/wp-json\/wp\/v2\/posts\/97176","targetHints":{"allow":["GET"]}}],"collection":[{"href":"https:\/\/eldiariodesanpedro.com.ar\/sitio\/wp-json\/wp\/v2\/posts"}],"about":[{"href":"https:\/\/eldiariodesanpedro.com.ar\/sitio\/wp-json\/wp\/v2\/types\/post"}],"author":[{"embeddable":true,"href":"https:\/\/eldiariodesanpedro.com.ar\/sitio\/wp-json\/wp\/v2\/users\/4"}],"replies":[{"embeddable":true,"href":"https:\/\/eldiariodesanpedro.com.ar\/sitio\/wp-json\/wp\/v2\/comments?post=97176"}],"version-history":[{"count":5,"href":"https:\/\/eldiariodesanpedro.com.ar\/sitio\/wp-json\/wp\/v2\/posts\/97176\/revisions"}],"predecessor-version":[{"id":97182,"href":"https:\/\/eldiariodesanpedro.com.ar\/sitio\/wp-json\/wp\/v2\/posts\/97176\/revisions\/97182"}],"wp:featuredmedia":[{"embeddable":true,"href":"https:\/\/eldiariodesanpedro.com.ar\/sitio\/wp-json\/wp\/v2\/media\/45394"}],"wp:attachment":[{"href":"https:\/\/eldiariodesanpedro.com.ar\/sitio\/wp-json\/wp\/v2\/media?parent=97176"}],"wp:term":[{"taxonomy":"category","embeddable":true,"href":"https:\/\/eldiariodesanpedro.com.ar\/sitio\/wp-json\/wp\/v2\/categories?post=97176"},{"taxonomy":"post_tag","embeddable":true,"href":"https:\/\/eldiariodesanpedro.com.ar\/sitio\/wp-json\/wp\/v2\/tags?post=97176"}],"curies":[{"name":"wp","href":"https:\/\/api.w.org\/{rel}","templated":true}]}}