{"id":97165,"date":"2021-08-09T13:28:32","date_gmt":"2021-08-09T16:28:32","guid":{"rendered":"https:\/\/eldiariodesanpedro.com.ar\/sitio\/?p=97165"},"modified":"2021-08-09T13:28:36","modified_gmt":"2021-08-09T16:28:36","slug":"nino-de-9-anos-que-circulaba-en-bicicleta-recibio-un-piedrazo-lanzado-con-una-gomera-y-casi-pierde-un-ojo","status":"publish","type":"post","link":"https:\/\/eldiariodesanpedro.com.ar\/sitio\/nino-de-9-anos-que-circulaba-en-bicicleta-recibio-un-piedrazo-lanzado-con-una-gomera-y-casi-pierde-un-ojo\/","title":{"rendered":"Ni\u00f1o de 9 a\u00f1os que circulaba en bicicleta recibi\u00f3 un piedrazo lanzado con una gomera y casi pierde un ojo"},"content":{"rendered":"<!-- VideographyWP Plugin Message: Automatic video embedding prevented by plugin options. -->\n\n<p>En horas de la tarde del domingo un mujer de 43 a\u00f1os de edad se acerc\u00f3 hacia la comisar\u00eda local donde realiz\u00f3 una denuncia por un hecho donde su hijo sufri\u00f3 una grave lesi\u00f3n en un ojo por parte de otro joven que le arroj\u00f3 una piedra con una gomera.<\/p>\n\n\n\n<p>El hecho tuvo lugar este domingo cuando la ciudadana circulaba paseando en bicicletas con su hijo de 9 a\u00f1os a pocas cuadras de su domicilio ubicado en calle Cucit al 1600 cuando un joven de 15 a\u00f1os de edad arroja una piedra impulsada por una gomera provocando lesiones de car\u00e1cter grave en el ojo izquierdo.<\/p>\n\n\n\n<p>El menor fue trasladado al nosocomio local donde espera un derivaci\u00f3n a un centro de mayor complejidad donde se le realizar\u00e1 una cirug\u00eda por el riesgo de p\u00e9rdida de la vista en ese ojo .<\/p>\n","protected":false},"excerpt":{"rendered":"<p>En horas de la tarde del domingo un mujer de 43 a\u00f1os de edad se acerc\u00f3 hacia la comisar\u00eda local donde realiz\u00f3 una denuncia por un hecho donde su hijo sufri\u00f3 una grave lesi\u00f3n en un ojo por parte de otro joven que le arroj\u00f3 una piedra con una gomera. El hecho tuvo lugar este [&hellip;]<\/p>\n","protected":false},"author":4,"featured_media":97166,"comment_status":"closed","ping_status":"closed","sticky":false,"template":"","format":"standard","meta":{"om_disable_all_campaigns":false,"_jetpack_memberships_contains_paid_content":false,"footnotes":""},"categories":[50,2,103],"tags":[],"class_list":["post-97165","post","type-post","status-publish","format-standard","has-post-thumbnail","hentry","category-destacadas","category-locales","category-policiales-locales"],"aioseo_notices":[],"gutentor_comment":0,"jetpack_featured_media_url":"https:\/\/eldiariodesanpedro.com.ar\/sitio\/wp-content\/uploads\/2021\/08\/unnamed.jpg","jetpack_shortlink":"https:\/\/wp.me\/p6RhLt-phb","jetpack_sharing_enabled":true,"_links":{"self":[{"href":"https:\/\/eldiariodesanpedro.com.ar\/sitio\/wp-json\/wp\/v2\/posts\/97165","targetHints":{"allow":["GET"]}}],"collection":[{"href":"https:\/\/eldiariodesanpedro.com.ar\/sitio\/wp-json\/wp\/v2\/posts"}],"about":[{"href":"https:\/\/eldiariodesanpedro.com.ar\/sitio\/wp-json\/wp\/v2\/types\/post"}],"author":[{"embeddable":true,"href":"https:\/\/eldiariodesanpedro.com.ar\/sitio\/wp-json\/wp\/v2\/users\/4"}],"replies":[{"embeddable":true,"href":"https:\/\/eldiariodesanpedro.com.ar\/sitio\/wp-json\/wp\/v2\/comments?post=97165"}],"version-history":[{"count":1,"href":"https:\/\/eldiariodesanpedro.com.ar\/sitio\/wp-json\/wp\/v2\/posts\/97165\/revisions"}],"predecessor-version":[{"id":97167,"href":"https:\/\/eldiariodesanpedro.com.ar\/sitio\/wp-json\/wp\/v2\/posts\/97165\/revisions\/97167"}],"wp:featuredmedia":[{"embeddable":true,"href":"https:\/\/eldiariodesanpedro.com.ar\/sitio\/wp-json\/wp\/v2\/media\/97166"}],"wp:attachment":[{"href":"https:\/\/eldiariodesanpedro.com.ar\/sitio\/wp-json\/wp\/v2\/media?parent=97165"}],"wp:term":[{"taxonomy":"category","embeddable":true,"href":"https:\/\/eldiariodesanpedro.com.ar\/sitio\/wp-json\/wp\/v2\/categories?post=97165"},{"taxonomy":"post_tag","embeddable":true,"href":"https:\/\/eldiariodesanpedro.com.ar\/sitio\/wp-json\/wp\/v2\/tags?post=97165"}],"curies":[{"name":"wp","href":"https:\/\/api.w.org\/{rel}","templated":true}]}}