{"id":97158,"date":"2021-08-09T12:34:15","date_gmt":"2021-08-09T15:34:15","guid":{"rendered":"https:\/\/eldiariodesanpedro.com.ar\/sitio\/?p=97158"},"modified":"2021-08-09T12:34:19","modified_gmt":"2021-08-09T15:34:19","slug":"denuncia-por-el-robo-de-un-caballo-este-domingo","status":"publish","type":"post","link":"https:\/\/eldiariodesanpedro.com.ar\/sitio\/denuncia-por-el-robo-de-un-caballo-este-domingo\/","title":{"rendered":"Denuncia por el robo de un caballo este domingo"},"content":{"rendered":"<!-- VideographyWP Plugin Message: Automatic video embedding prevented by plugin options. -->\n\n<p>Este domingo un ciudadano de 40 a\u00f1os se acerc\u00f3 hasta la comisar\u00eda local donde realiz\u00f3 una denuncia por el robo de un caballo de su propiedad.<\/p>\n\n\n\n<p>Seg\u00fan inform\u00f3 la v\u00edctima en horas de la ma\u00f1ana del domingo delincuentes ignorados sustraen un equino en un campo que alquila ubicado en las intersecci\u00f3n de las calles 158 y 58 tras cortar el alambrado perimetral.<\/p>\n\n\n\n<p>PUBLICIDAD ELECTORAL<\/p>\n\n\n\n<figure class=\"wp-block-video\"><video height=\"1280\" style=\"aspect-ratio: 1024 \/ 1280;\" width=\"1024\" autoplay controls src=\"https:\/\/eldiariodesanpedro.com.ar\/sitio\/wp-content\/uploads\/2021\/08\/WhatsApp-Video-2021-08-09-at-10.21.55.mp4\"><\/video><\/figure>\n","protected":false},"excerpt":{"rendered":"<p>Este domingo un ciudadano de 40 a\u00f1os se acerc\u00f3 hasta la comisar\u00eda local donde realiz\u00f3 una denuncia por el robo de un caballo de su propiedad. Seg\u00fan inform\u00f3 la v\u00edctima en horas de la ma\u00f1ana del domingo delincuentes ignorados sustraen un equino en un campo que alquila ubicado en las intersecci\u00f3n de las calles 158 [&hellip;]<\/p>\n","protected":false},"author":4,"featured_media":77561,"comment_status":"closed","ping_status":"closed","sticky":false,"template":"","format":"standard","meta":{"om_disable_all_campaigns":false,"_jetpack_memberships_contains_paid_content":false,"footnotes":""},"categories":[2,103],"tags":[],"class_list":["post-97158","post","type-post","status-publish","format-standard","has-post-thumbnail","hentry","category-locales","category-policiales-locales"],"aioseo_notices":[],"gutentor_comment":0,"jetpack_featured_media_url":"https:\/\/eldiariodesanpedro.com.ar\/sitio\/wp-content\/uploads\/2020\/07\/20200709072134.jpg","jetpack_shortlink":"https:\/\/wp.me\/p6RhLt-ph4","jetpack_sharing_enabled":true,"_links":{"self":[{"href":"https:\/\/eldiariodesanpedro.com.ar\/sitio\/wp-json\/wp\/v2\/posts\/97158","targetHints":{"allow":["GET"]}}],"collection":[{"href":"https:\/\/eldiariodesanpedro.com.ar\/sitio\/wp-json\/wp\/v2\/posts"}],"about":[{"href":"https:\/\/eldiariodesanpedro.com.ar\/sitio\/wp-json\/wp\/v2\/types\/post"}],"author":[{"embeddable":true,"href":"https:\/\/eldiariodesanpedro.com.ar\/sitio\/wp-json\/wp\/v2\/users\/4"}],"replies":[{"embeddable":true,"href":"https:\/\/eldiariodesanpedro.com.ar\/sitio\/wp-json\/wp\/v2\/comments?post=97158"}],"version-history":[{"count":1,"href":"https:\/\/eldiariodesanpedro.com.ar\/sitio\/wp-json\/wp\/v2\/posts\/97158\/revisions"}],"predecessor-version":[{"id":97159,"href":"https:\/\/eldiariodesanpedro.com.ar\/sitio\/wp-json\/wp\/v2\/posts\/97158\/revisions\/97159"}],"wp:featuredmedia":[{"embeddable":true,"href":"https:\/\/eldiariodesanpedro.com.ar\/sitio\/wp-json\/wp\/v2\/media\/77561"}],"wp:attachment":[{"href":"https:\/\/eldiariodesanpedro.com.ar\/sitio\/wp-json\/wp\/v2\/media?parent=97158"}],"wp:term":[{"taxonomy":"category","embeddable":true,"href":"https:\/\/eldiariodesanpedro.com.ar\/sitio\/wp-json\/wp\/v2\/categories?post=97158"},{"taxonomy":"post_tag","embeddable":true,"href":"https:\/\/eldiariodesanpedro.com.ar\/sitio\/wp-json\/wp\/v2\/tags?post=97158"}],"curies":[{"name":"wp","href":"https:\/\/api.w.org\/{rel}","templated":true}]}}