{"id":97156,"date":"2021-08-09T12:14:39","date_gmt":"2021-08-09T15:14:39","guid":{"rendered":"https:\/\/eldiariodesanpedro.com.ar\/sitio\/?p=97156"},"modified":"2021-08-09T12:14:44","modified_gmt":"2021-08-09T15:14:44","slug":"un-menor-fue-golpeado-por-otro-joven-a-cadenazos-por-problemas-personales","status":"publish","type":"post","link":"https:\/\/eldiariodesanpedro.com.ar\/sitio\/un-menor-fue-golpeado-por-otro-joven-a-cadenazos-por-problemas-personales\/","title":{"rendered":"Un menor fue golpeado por otro joven a cadenazos por problemas personales"},"content":{"rendered":"<!-- VideographyWP Plugin Message: Automatic video embedding prevented by plugin options. -->\n\n<p>Este domingo ocurri\u00f3 un grave hecho donde un menor de edad fue golpeado a cadenazos por otro joven caus\u00e1ndole lesiones en su cabeza.<\/p>\n\n\n\n<p>El hecho ocurri\u00f3 este domingo en horas del mediod\u00eda en una vivienda ubicada en calle Mateo Sbert al 2000 donde un joven de 15 a\u00f1os de edad que se encontraba en la vereda se le aproxima otro joven con quien \u00e9l tiene problemas de vieja data y tras discutir verbalmente el agresor con una cadena le propina golpes en la cabeza ocasion\u00e1ndole lesiones leves.<\/p>\n\n\n\n<p>La polic\u00eda investiga el hecho y la denuncia ser\u00e1 intervenida por la fiscal\u00eda de turno.<\/p>\n\n\n\n<p><strong>PUBLICIDAD ELECTORAL<\/strong> <\/p>\n\n\n\n<figure class=\"wp-block-video\"><video height=\"1280\" style=\"aspect-ratio: 1024 \/ 1280;\" width=\"1024\" autoplay controls src=\"https:\/\/eldiariodesanpedro.com.ar\/sitio\/wp-content\/uploads\/2021\/08\/WhatsApp-Video-2021-08-09-at-10.21.55.mp4\"><\/video><\/figure>\n","protected":false},"excerpt":{"rendered":"<p>Este domingo ocurri\u00f3 un grave hecho donde un menor de edad fue golpeado a cadenazos por otro joven caus\u00e1ndole lesiones en su cabeza. El hecho ocurri\u00f3 este domingo en horas del mediod\u00eda en una vivienda ubicada en calle Mateo Sbert al 2000 donde un joven de 15 a\u00f1os de edad que se encontraba en la [&hellip;]<\/p>\n","protected":false},"author":4,"featured_media":67073,"comment_status":"closed","ping_status":"closed","sticky":false,"template":"","format":"standard","meta":{"om_disable_all_campaigns":false,"_jetpack_memberships_contains_paid_content":false,"footnotes":""},"categories":[2,103],"tags":[],"class_list":["post-97156","post","type-post","status-publish","format-standard","has-post-thumbnail","hentry","category-locales","category-policiales-locales"],"aioseo_notices":[],"gutentor_comment":0,"jetpack_featured_media_url":"https:\/\/eldiariodesanpedro.com.ar\/sitio\/wp-content\/uploads\/2020\/01\/guardia_nueva.jpg","jetpack_shortlink":"https:\/\/wp.me\/p6RhLt-ph2","jetpack_sharing_enabled":true,"_links":{"self":[{"href":"https:\/\/eldiariodesanpedro.com.ar\/sitio\/wp-json\/wp\/v2\/posts\/97156","targetHints":{"allow":["GET"]}}],"collection":[{"href":"https:\/\/eldiariodesanpedro.com.ar\/sitio\/wp-json\/wp\/v2\/posts"}],"about":[{"href":"https:\/\/eldiariodesanpedro.com.ar\/sitio\/wp-json\/wp\/v2\/types\/post"}],"author":[{"embeddable":true,"href":"https:\/\/eldiariodesanpedro.com.ar\/sitio\/wp-json\/wp\/v2\/users\/4"}],"replies":[{"embeddable":true,"href":"https:\/\/eldiariodesanpedro.com.ar\/sitio\/wp-json\/wp\/v2\/comments?post=97156"}],"version-history":[{"count":1,"href":"https:\/\/eldiariodesanpedro.com.ar\/sitio\/wp-json\/wp\/v2\/posts\/97156\/revisions"}],"predecessor-version":[{"id":97157,"href":"https:\/\/eldiariodesanpedro.com.ar\/sitio\/wp-json\/wp\/v2\/posts\/97156\/revisions\/97157"}],"wp:featuredmedia":[{"embeddable":true,"href":"https:\/\/eldiariodesanpedro.com.ar\/sitio\/wp-json\/wp\/v2\/media\/67073"}],"wp:attachment":[{"href":"https:\/\/eldiariodesanpedro.com.ar\/sitio\/wp-json\/wp\/v2\/media?parent=97156"}],"wp:term":[{"taxonomy":"category","embeddable":true,"href":"https:\/\/eldiariodesanpedro.com.ar\/sitio\/wp-json\/wp\/v2\/categories?post=97156"},{"taxonomy":"post_tag","embeddable":true,"href":"https:\/\/eldiariodesanpedro.com.ar\/sitio\/wp-json\/wp\/v2\/tags?post=97156"}],"curies":[{"name":"wp","href":"https:\/\/api.w.org\/{rel}","templated":true}]}}