{"id":97148,"date":"2021-08-09T11:34:32","date_gmt":"2021-08-09T14:34:32","guid":{"rendered":"https:\/\/eldiariodesanpedro.com.ar\/sitio\/?p=97148"},"modified":"2021-08-09T11:42:57","modified_gmt":"2021-08-09T14:42:57","slug":"coronavirus-la-provincia-continua-con-baja-de-contagios","status":"publish","type":"post","link":"https:\/\/eldiariodesanpedro.com.ar\/sitio\/coronavirus-la-provincia-continua-con-baja-de-contagios\/","title":{"rendered":"Coronavirus: la Provincia contin\u00faa con baja de contagios"},"content":{"rendered":"<!-- VideographyWP Plugin Message: Automatic video embedding prevented by plugin options. -->\n\n<p>El Gobierno confirm\u00f3 que sigue la baja de contagios de coronavirus en toda la provincia de Buenos Aires.<\/p>\n\n\n\n<p>El Gobierno de la provincia de Buenos Aires adelant\u00f3 que por und\u00e9cima semana consecutiva cayeron los contagio de&nbsp;<strong>coronavirus.<\/strong>&nbsp;De esta manera, apuestan a reforzar la campa\u00f1a de vacunaci\u00f3n y al retraso de la propagaci\u00f3n de la variante Delta.<\/p>\n\n\n\n<p>A trav\u00e9s de su cuenta de Twitter, el jefe de Gabinete bonaerense&nbsp;<strong>Carlos Bianco<\/strong>&nbsp;dio a conocer que se dio la&nbsp;\u00abund\u00e9cima semana consecutiva de ca\u00edda de casos en PBA, con un promedio diario de 3.050 casos: -8% respecto a la semana anterior y -75% respecto del pico de la segunda ola\u00bb.<\/p>\n\n\n\n<p>Asimismo, el funcionario de la Provincia sostuvo que \u00abmientras tanto, avanzamos con el &#8216;agosto de las segundas dosis&#8217; en el marco de nuestro plan de vacunaci\u00f3n\u00bb.<\/p>\n\n\n\n<p>En tanto, el mensaje fue acompa\u00f1ado por un gr\u00e1fico en el que se detall\u00f3 que en la semana del 17 al 23 de mayo los&nbsp;<strong>contagios<\/strong>&nbsp;ascendieron a 12.008; la siguiente bajaron a 10.973; y la posterior llegaron a 9.950.<\/p>\n\n\n\n<p>La semana del 7 al 13 de junio, los casos de coronavirus bajaron a 8.294; la siguiente se ubicaron en 7.016; luego fueron 6.314; posteriormente descendieron hasta 5.965 y luego fueron 4.717. Entre el 12 y el 18 de julio, los contagios fueron 4.477; entre el 19 y el 25 de julio llegaron a 3.610; despu\u00e9s la \u00faltima semana descendieron 3.325; y la \u00faltima semana llegaron a 3.050.<\/p>\n\n\n\n<p>Por su parte,&nbsp;el<strong>&nbsp;Ministerio de Salud&nbsp;<\/strong>asegur\u00f3 que el 96,75 por ciento de los mayores de 60 a\u00f1os que se inscribieron ya est\u00e1 vacunado en la provincia de Buenos Aires, lo que equivale a 2.538.842 personas. Adem\u00e1s, 10.157.459 personas recibieron la primera dosis y 3.112.330 la segunda.<\/p>\n\n\n\n<p>En la franja etaria de 18 a\u00f1os a 59 con comorbilidades hay 2.231.906 vacunados, que representan un 93,77%, mientras que el 81,87 por ciento en el mismo segmento pero sin comorbilidades, ya est\u00e1 inoculado.<\/p>\n\n\n\n<p>El 96,07 por ciento del sector docente y no docente ya est\u00e1 vacunado, lo que representa a 520.516 personas sobre un total de anotados de 541.822. Con respecto al personal de seguridad, est\u00e1n vacunados 187.183 sobre 211.126 inscriptos, que alcanzan el 88,66 por ciento.<\/p>\n\n\n\n<p>Por \u00faltimo, la&nbsp;<strong>Provincia<\/strong>&nbsp;explic\u00f3 que 78.190 embarazadas recibieron la vacuna de las 99.721 anotadas, lo que representa el 79,01 por ciento.<\/p>\n\n\n\n<p>Fuente: <a href=\"https:\/\/infocielo.com\/coronavirus\/coronavirus-la-provincia-continua-baja-contagios-n717691\">Infocielo<\/a><\/p>\n","protected":false},"excerpt":{"rendered":"<p>El Gobierno confirm\u00f3 que sigue la baja de contagios de coronavirus en toda la provincia de Buenos Aires. El Gobierno de la provincia de Buenos Aires adelant\u00f3 que por und\u00e9cima semana consecutiva cayeron los contagio de&nbsp;coronavirus.&nbsp;De esta manera, apuestan a reforzar la campa\u00f1a de vacunaci\u00f3n y al retraso de la propagaci\u00f3n de la variante Delta. [&hellip;]<\/p>\n","protected":false},"author":4,"featured_media":97149,"comment_status":"closed","ping_status":"closed","sticky":false,"template":"","format":"standard","meta":{"om_disable_all_campaigns":false,"_jetpack_memberships_contains_paid_content":false,"footnotes":""},"categories":[621],"tags":[],"class_list":["post-97148","post","type-post","status-publish","format-standard","has-post-thumbnail","hentry","category-regionales"],"aioseo_notices":[],"gutentor_comment":0,"jetpack_featured_media_url":"https:\/\/eldiariodesanpedro.com.ar\/sitio\/wp-content\/uploads\/2021\/08\/la-plata-cuarentena-restricciones-invierno.jpeg","jetpack_shortlink":"https:\/\/wp.me\/p6RhLt-pgU","jetpack_sharing_enabled":true,"_links":{"self":[{"href":"https:\/\/eldiariodesanpedro.com.ar\/sitio\/wp-json\/wp\/v2\/posts\/97148","targetHints":{"allow":["GET"]}}],"collection":[{"href":"https:\/\/eldiariodesanpedro.com.ar\/sitio\/wp-json\/wp\/v2\/posts"}],"about":[{"href":"https:\/\/eldiariodesanpedro.com.ar\/sitio\/wp-json\/wp\/v2\/types\/post"}],"author":[{"embeddable":true,"href":"https:\/\/eldiariodesanpedro.com.ar\/sitio\/wp-json\/wp\/v2\/users\/4"}],"replies":[{"embeddable":true,"href":"https:\/\/eldiariodesanpedro.com.ar\/sitio\/wp-json\/wp\/v2\/comments?post=97148"}],"version-history":[{"count":2,"href":"https:\/\/eldiariodesanpedro.com.ar\/sitio\/wp-json\/wp\/v2\/posts\/97148\/revisions"}],"predecessor-version":[{"id":97151,"href":"https:\/\/eldiariodesanpedro.com.ar\/sitio\/wp-json\/wp\/v2\/posts\/97148\/revisions\/97151"}],"wp:featuredmedia":[{"embeddable":true,"href":"https:\/\/eldiariodesanpedro.com.ar\/sitio\/wp-json\/wp\/v2\/media\/97149"}],"wp:attachment":[{"href":"https:\/\/eldiariodesanpedro.com.ar\/sitio\/wp-json\/wp\/v2\/media?parent=97148"}],"wp:term":[{"taxonomy":"category","embeddable":true,"href":"https:\/\/eldiariodesanpedro.com.ar\/sitio\/wp-json\/wp\/v2\/categories?post=97148"},{"taxonomy":"post_tag","embeddable":true,"href":"https:\/\/eldiariodesanpedro.com.ar\/sitio\/wp-json\/wp\/v2\/tags?post=97148"}],"curies":[{"name":"wp","href":"https:\/\/api.w.org\/{rel}","templated":true}]}}