{"id":97134,"date":"2021-08-09T09:47:59","date_gmt":"2021-08-09T12:47:59","guid":{"rendered":"https:\/\/eldiariodesanpedro.com.ar\/sitio\/?p=97134"},"modified":"2021-08-09T11:05:06","modified_gmt":"2021-08-09T14:05:06","slug":"el-centro-de-comercio-informa-que-el-proximo-lunes-16-sera-feriado","status":"publish","type":"post","link":"https:\/\/eldiariodesanpedro.com.ar\/sitio\/el-centro-de-comercio-informa-que-el-proximo-lunes-16-sera-feriado\/","title":{"rendered":"El centro de comercio informa que el pr\u00f3ximo lunes 16 ser\u00e1 feriado"},"content":{"rendered":"<!-- VideographyWP Plugin Message: Automatic video embedding prevented by plugin options. -->\n\n<p>&nbsp;Desde el Centro de Comercio, Industria y Turismo se informa que seg\u00fan lo previsto en la Ley N\u00b0 27.399 , se traslada para el pr\u00f3ximo lunes 16 de agosto el feriado nacional en conmemoraci\u00f3n al paso a la inmortalidad del General Jos\u00e9 de San Mart\u00edn.<\/p>\n\n\n\n<p><strong>De esta manera ser\u00e1 un fin de semana largo comprendido por todas las normativas habituales y el martes 17 ser\u00e1 el d\u00eda de reinicio de las actividades laborales.<\/strong><\/p>\n\n\n\n<p><strong>PUBLICIDAD ELECTORAL<\/strong><\/p>\n\n\n\n<figure class=\"wp-block-video\"><video height=\"1280\" style=\"aspect-ratio: 1024 \/ 1280;\" width=\"1024\" controls src=\"https:\/\/eldiariodesanpedro.com.ar\/sitio\/wp-content\/uploads\/2021\/08\/WhatsApp-Video-2021-08-09-at-10.21.55.mp4\"><\/video><\/figure>\n","protected":false},"excerpt":{"rendered":"<p>&nbsp;Desde el Centro de Comercio, Industria y Turismo se informa que seg\u00fan lo previsto en la Ley N\u00b0 27.399 , se traslada para el pr\u00f3ximo lunes 16 de agosto el feriado nacional en conmemoraci\u00f3n al paso a la inmortalidad del General Jos\u00e9 de San Mart\u00edn. De esta manera ser\u00e1 un fin de semana largo comprendido [&hellip;]<\/p>\n","protected":false},"author":4,"featured_media":97135,"comment_status":"closed","ping_status":"closed","sticky":false,"template":"","format":"standard","meta":{"om_disable_all_campaigns":false,"_jetpack_memberships_contains_paid_content":false,"footnotes":""},"categories":[50,101,2],"tags":[],"class_list":["post-97134","post","type-post","status-publish","format-standard","has-post-thumbnail","hentry","category-destacadas","category-interes-general-locales","category-locales"],"aioseo_notices":[],"gutentor_comment":0,"jetpack_featured_media_url":"https:\/\/eldiariodesanpedro.com.ar\/sitio\/wp-content\/uploads\/2021\/08\/feriado-16-de-agosto_416x234.jpg","jetpack_shortlink":"https:\/\/wp.me\/p6RhLt-pgG","jetpack_sharing_enabled":true,"_links":{"self":[{"href":"https:\/\/eldiariodesanpedro.com.ar\/sitio\/wp-json\/wp\/v2\/posts\/97134","targetHints":{"allow":["GET"]}}],"collection":[{"href":"https:\/\/eldiariodesanpedro.com.ar\/sitio\/wp-json\/wp\/v2\/posts"}],"about":[{"href":"https:\/\/eldiariodesanpedro.com.ar\/sitio\/wp-json\/wp\/v2\/types\/post"}],"author":[{"embeddable":true,"href":"https:\/\/eldiariodesanpedro.com.ar\/sitio\/wp-json\/wp\/v2\/users\/4"}],"replies":[{"embeddable":true,"href":"https:\/\/eldiariodesanpedro.com.ar\/sitio\/wp-json\/wp\/v2\/comments?post=97134"}],"version-history":[{"count":2,"href":"https:\/\/eldiariodesanpedro.com.ar\/sitio\/wp-json\/wp\/v2\/posts\/97134\/revisions"}],"predecessor-version":[{"id":97146,"href":"https:\/\/eldiariodesanpedro.com.ar\/sitio\/wp-json\/wp\/v2\/posts\/97134\/revisions\/97146"}],"wp:featuredmedia":[{"embeddable":true,"href":"https:\/\/eldiariodesanpedro.com.ar\/sitio\/wp-json\/wp\/v2\/media\/97135"}],"wp:attachment":[{"href":"https:\/\/eldiariodesanpedro.com.ar\/sitio\/wp-json\/wp\/v2\/media?parent=97134"}],"wp:term":[{"taxonomy":"category","embeddable":true,"href":"https:\/\/eldiariodesanpedro.com.ar\/sitio\/wp-json\/wp\/v2\/categories?post=97134"},{"taxonomy":"post_tag","embeddable":true,"href":"https:\/\/eldiariodesanpedro.com.ar\/sitio\/wp-json\/wp\/v2\/tags?post=97134"}],"curies":[{"name":"wp","href":"https:\/\/api.w.org\/{rel}","templated":true}]}}