{"id":97133,"date":"2021-08-09T09:57:24","date_gmt":"2021-08-09T12:57:24","guid":{"rendered":"https:\/\/eldiariodesanpedro.com.ar\/sitio\/?p=97133"},"modified":"2021-08-09T11:05:58","modified_gmt":"2021-08-09T14:05:58","slug":"el-rio-parana-llegaria-al-nivel-mas-bajo-de-la-historia-en-septiembre","status":"publish","type":"post","link":"https:\/\/eldiariodesanpedro.com.ar\/sitio\/el-rio-parana-llegaria-al-nivel-mas-bajo-de-la-historia-en-septiembre\/","title":{"rendered":"El r\u00edo Paran\u00e1 llegar\u00eda al nivel m\u00e1s bajo de la historia en septiembre"},"content":{"rendered":"<!-- VideographyWP Plugin Message: Automatic video embedding prevented by plugin options. -->\n\n<p>Desde el Instituto Nacional del Agua (INA) esperan que en el pr\u00f3ximo mes se supere la bajante de 1944, cuando se registraron -1,04 metros.<\/p>\n\n\n\n<p>El&nbsp;Instituto Nacional del Agua&nbsp;(INA) realiz\u00f3 un completo informe sobre&nbsp;los escenarios posibles que pueden presentarse en el corto y mediano plazo con la&nbsp;bajante&nbsp;del&nbsp;R\u00edo Paran\u00e1&nbsp;y en cualquiera de los escenarios,&nbsp;la situaci\u00f3n es m\u00e1s que alarmante y los niveles del r\u00edo quedan por debajo de lo registrado hoy en d\u00eda.<\/p>\n\n\n\n<p>En los sectores de mayor impacto de la bajante del r\u00edo Paran\u00e1 por&nbsp;abastecimiento de agua, energ\u00eda, navegaci\u00f3n, riego, etc., el INA analiz\u00f3&nbsp;tres escenarios alternativos&nbsp;probables para el comportamiento de la actual bajante&nbsp;con los niveles promedios diarios hasta fin del a\u00f1o 2021.<\/p>\n\n\n\n<p>El&nbsp;escenario 1&nbsp;(el m\u00e1s ben\u00e9volo de los tres) considera una progresiva continuaci\u00f3n de la situaci\u00f3n actual, donde a principios de noviembre se dar\u00eda el menor nivel esperado del R\u00edo en las ciudades de&nbsp;Corrientes, Paran\u00e1, Santa Fe, Rosario, San Nicol\u00e1s, Z\u00e1rate y Escobar.<\/p>\n\n\n\n<p>Para este caso,&nbsp;el mes completo de noviembre quedar\u00eda en \u201crojo\u201d&nbsp;evidenciando un nivel entre&nbsp;-0,24 metros y -0,85 metros.<\/p>\n\n\n\n<p>El&nbsp;escenario 2, que es&nbsp;m\u00e1s cr\u00edtico y semejante al de 1944 (bajante m\u00e1s severa registrada en la historia), comienza a presentar problemas en los&nbsp;primeros d\u00edas de septiembre&nbsp;marcando un nivel por debajo del valor de referencia.<\/p>\n\n\n\n<p>Bajo este panorama,&nbsp;ya en octubre los valores del r\u00edo estar\u00edan entre -0,50 y -1,40 metros en las siete ciudades analizadas, propiciando una situaci\u00f3n m\u00e1s que grave en noviembre, con registros que marcan&nbsp;-1,46 metros en Rosario; -1,13 metros en Corrientes y -1,00 metro en San Nicol\u00e1s.<\/p>\n\n\n\n<p>Escenario 3: m\u00e1s cr\u00edtico a\u00fan, tendiente a aquello registrado en el a\u00f1o 1944 (bajante m\u00e1s severa registrada).<br>Presupone lluvias d\u00e9biles en el inicio del verano 2021<\/p>\n\n\n\n<p>Fuente: InfoCampo<\/p>\n\n\n\n<p><strong>PUBLICIDAD ELECTORAL<\/strong><\/p>\n\n\n\n<figure class=\"wp-block-video\"><video height=\"1280\" style=\"aspect-ratio: 1024 \/ 1280;\" width=\"1024\" autoplay controls src=\"https:\/\/eldiariodesanpedro.com.ar\/sitio\/wp-content\/uploads\/2021\/08\/WhatsApp-Video-2021-08-09-at-10.21.55.mp4\"><\/video><\/figure>\n","protected":false},"excerpt":{"rendered":"<p>Desde el Instituto Nacional del Agua (INA) esperan que en el pr\u00f3ximo mes se supere la bajante de 1944, cuando se registraron -1,04 metros. El&nbsp;Instituto Nacional del Agua&nbsp;(INA) realiz\u00f3 un completo informe sobre&nbsp;los escenarios posibles que pueden presentarse en el corto y mediano plazo con la&nbsp;bajante&nbsp;del&nbsp;R\u00edo Paran\u00e1&nbsp;y en cualquiera de los escenarios,&nbsp;la situaci\u00f3n es m\u00e1s [&hellip;]<\/p>\n","protected":false},"author":4,"featured_media":97137,"comment_status":"closed","ping_status":"closed","sticky":false,"template":"","format":"standard","meta":{"om_disable_all_campaigns":false,"_jetpack_memberships_contains_paid_content":false,"footnotes":""},"categories":[50,101,2],"tags":[],"class_list":["post-97133","post","type-post","status-publish","format-standard","has-post-thumbnail","hentry","category-destacadas","category-interes-general-locales","category-locales"],"aioseo_notices":[],"gutentor_comment":0,"jetpack_featured_media_url":"https:\/\/eldiariodesanpedro.com.ar\/sitio\/wp-content\/uploads\/2021\/08\/231672924_4399030950117818_7026879089899183451_n.jpg","jetpack_shortlink":"https:\/\/wp.me\/p6RhLt-pgF","jetpack_sharing_enabled":true,"_links":{"self":[{"href":"https:\/\/eldiariodesanpedro.com.ar\/sitio\/wp-json\/wp\/v2\/posts\/97133","targetHints":{"allow":["GET"]}}],"collection":[{"href":"https:\/\/eldiariodesanpedro.com.ar\/sitio\/wp-json\/wp\/v2\/posts"}],"about":[{"href":"https:\/\/eldiariodesanpedro.com.ar\/sitio\/wp-json\/wp\/v2\/types\/post"}],"author":[{"embeddable":true,"href":"https:\/\/eldiariodesanpedro.com.ar\/sitio\/wp-json\/wp\/v2\/users\/4"}],"replies":[{"embeddable":true,"href":"https:\/\/eldiariodesanpedro.com.ar\/sitio\/wp-json\/wp\/v2\/comments?post=97133"}],"version-history":[{"count":2,"href":"https:\/\/eldiariodesanpedro.com.ar\/sitio\/wp-json\/wp\/v2\/posts\/97133\/revisions"}],"predecessor-version":[{"id":97147,"href":"https:\/\/eldiariodesanpedro.com.ar\/sitio\/wp-json\/wp\/v2\/posts\/97133\/revisions\/97147"}],"wp:featuredmedia":[{"embeddable":true,"href":"https:\/\/eldiariodesanpedro.com.ar\/sitio\/wp-json\/wp\/v2\/media\/97137"}],"wp:attachment":[{"href":"https:\/\/eldiariodesanpedro.com.ar\/sitio\/wp-json\/wp\/v2\/media?parent=97133"}],"wp:term":[{"taxonomy":"category","embeddable":true,"href":"https:\/\/eldiariodesanpedro.com.ar\/sitio\/wp-json\/wp\/v2\/categories?post=97133"},{"taxonomy":"post_tag","embeddable":true,"href":"https:\/\/eldiariodesanpedro.com.ar\/sitio\/wp-json\/wp\/v2\/tags?post=97133"}],"curies":[{"name":"wp","href":"https:\/\/api.w.org\/{rel}","templated":true}]}}