{"id":97130,"date":"2021-08-09T09:33:16","date_gmt":"2021-08-09T12:33:16","guid":{"rendered":"https:\/\/eldiariodesanpedro.com.ar\/sitio\/?p=97130"},"modified":"2021-08-09T11:02:00","modified_gmt":"2021-08-09T14:02:00","slug":"hoy-bomberos-voluntarios-de-san-pedro-cumplen-62-anos-ayudando-a-la-gente","status":"publish","type":"post","link":"https:\/\/eldiariodesanpedro.com.ar\/sitio\/hoy-bomberos-voluntarios-de-san-pedro-cumplen-62-anos-ayudando-a-la-gente\/","title":{"rendered":"Hoy Bomberos Voluntarios de San Pedro cumplen 62 a\u00f1os ayudando a la gente"},"content":{"rendered":"<!-- VideographyWP Plugin Message: Automatic video embedding prevented by plugin options. -->\n\n<p>En este d\u00eda se celebra el aniversario de una de las instituciones m\u00e1s importantes de nuestra ciudad y desde nuestro medios queremos celebrar y saludar por la gran labor que realizan todos los d\u00edas.<\/p>\n\n\n\n<p><em>Hoy 9 de Agosto nuestra instituci\u00f3n cumple 62 a\u00f1os y queremos compartirlo con toda la comunidad ya que gracias a todos podemos continuar con nuestros proyectos y objetivos para engrandecer la Asociaci\u00f3n de Bomberos Voluntarios de San Pedro .<br>Silvio Torrens. Mauro Rasio<br>Jefe de Cuerpo. Presidente<\/em><\/p>\n\n\n\n<p><strong>PUBLICIDAD ELECTORAL<\/strong><\/p>\n\n\n\n<figure class=\"wp-block-video\"><video height=\"1280\" style=\"aspect-ratio: 1024 \/ 1280;\" width=\"1024\" controls src=\"https:\/\/eldiariodesanpedro.com.ar\/sitio\/wp-content\/uploads\/2021\/08\/WhatsApp-Video-2021-08-09-at-10.21.55.mp4\"><\/video><\/figure>\n","protected":false},"excerpt":{"rendered":"<p>En este d\u00eda se celebra el aniversario de una de las instituciones m\u00e1s importantes de nuestra ciudad y desde nuestro medios queremos celebrar y saludar por la gran labor que realizan todos los d\u00edas. Hoy 9 de Agosto nuestra instituci\u00f3n cumple 62 a\u00f1os y queremos compartirlo con toda la comunidad ya que gracias a todos [&hellip;]<\/p>\n","protected":false},"author":4,"featured_media":97131,"comment_status":"closed","ping_status":"closed","sticky":false,"template":"","format":"standard","meta":{"om_disable_all_campaigns":false,"_jetpack_memberships_contains_paid_content":false,"footnotes":""},"categories":[50,101,2],"tags":[],"class_list":["post-97130","post","type-post","status-publish","format-standard","has-post-thumbnail","hentry","category-destacadas","category-interes-general-locales","category-locales"],"aioseo_notices":[],"gutentor_comment":0,"jetpack_featured_media_url":"https:\/\/eldiariodesanpedro.com.ar\/sitio\/wp-content\/uploads\/2021\/08\/WhatsApp-Image-2021-08-09-at-08.21.10.jpeg","jetpack_shortlink":"https:\/\/wp.me\/p6RhLt-pgC","jetpack_sharing_enabled":true,"_links":{"self":[{"href":"https:\/\/eldiariodesanpedro.com.ar\/sitio\/wp-json\/wp\/v2\/posts\/97130","targetHints":{"allow":["GET"]}}],"collection":[{"href":"https:\/\/eldiariodesanpedro.com.ar\/sitio\/wp-json\/wp\/v2\/posts"}],"about":[{"href":"https:\/\/eldiariodesanpedro.com.ar\/sitio\/wp-json\/wp\/v2\/types\/post"}],"author":[{"embeddable":true,"href":"https:\/\/eldiariodesanpedro.com.ar\/sitio\/wp-json\/wp\/v2\/users\/4"}],"replies":[{"embeddable":true,"href":"https:\/\/eldiariodesanpedro.com.ar\/sitio\/wp-json\/wp\/v2\/comments?post=97130"}],"version-history":[{"count":2,"href":"https:\/\/eldiariodesanpedro.com.ar\/sitio\/wp-json\/wp\/v2\/posts\/97130\/revisions"}],"predecessor-version":[{"id":97145,"href":"https:\/\/eldiariodesanpedro.com.ar\/sitio\/wp-json\/wp\/v2\/posts\/97130\/revisions\/97145"}],"wp:featuredmedia":[{"embeddable":true,"href":"https:\/\/eldiariodesanpedro.com.ar\/sitio\/wp-json\/wp\/v2\/media\/97131"}],"wp:attachment":[{"href":"https:\/\/eldiariodesanpedro.com.ar\/sitio\/wp-json\/wp\/v2\/media?parent=97130"}],"wp:term":[{"taxonomy":"category","embeddable":true,"href":"https:\/\/eldiariodesanpedro.com.ar\/sitio\/wp-json\/wp\/v2\/categories?post=97130"},{"taxonomy":"post_tag","embeddable":true,"href":"https:\/\/eldiariodesanpedro.com.ar\/sitio\/wp-json\/wp\/v2\/tags?post=97130"}],"curies":[{"name":"wp","href":"https:\/\/api.w.org\/{rel}","templated":true}]}}