{"id":97123,"date":"2021-08-08T19:29:14","date_gmt":"2021-08-08T22:29:14","guid":{"rendered":"https:\/\/eldiariodesanpedro.com.ar\/sitio\/?p=97123"},"modified":"2021-08-09T10:59:52","modified_gmt":"2021-08-09T13:59:52","slug":"trasladaron-al-joven-de-16-anos-con-un-brazo-amputado-a-la-clinica-guemes-de-caba","status":"publish","type":"post","link":"https:\/\/eldiariodesanpedro.com.ar\/sitio\/trasladaron-al-joven-de-16-anos-con-un-brazo-amputado-a-la-clinica-guemes-de-caba\/","title":{"rendered":"Trasladaron al joven de 16 a\u00f1os con un brazo amputado a la cl\u00ednica G\u00fcemes de CABA"},"content":{"rendered":"<!-- VideographyWP Plugin Message: Automatic video embedding prevented by plugin options. -->\n\n<p>En la tarde de hoy fue trasladado el joven de 16 a\u00f1os que fue parte del accidente ocurrido en la madrugada de hoy donde dos j\u00f3venes perdieron la vida.<\/p>\n\n\n\n<p>En una jornada muy triste para nuestra ciudad donde dos j\u00f3venes de 18 a\u00f1os fallecieron al impactar un autom\u00f3vil contra un \u00e1rbol en la zona de la bajada del club n\u00e1utico, tres j\u00f3venes resultaron heridos dos de ellos con traumatismo de cr\u00e1neo y el tercero un joven de 16 a\u00f1os que sufri\u00f3 fractura m\u00faltiple en sus muslos y la amputaci\u00f3n de un brazo desde la zona de el hombro, debido a la gravedad de las heridas el joven fue trasladado en horas de la tarde a la Ciudada Aut\u00f3noma de Buenos Aires en la Cl\u00ednica G\u00fcemes.<\/p>\n\n\n\n<p>Los dos jovene de 18 a\u00f1os se encuentran internados en la Cl\u00ednica Cooper y su estado de salud es con una evolucion  favorable.<\/p>\n\n\n\n<p><\/p>\n\n\n\n<p><strong>PUBLICIDAD ELECTORAL<\/strong><\/p>\n\n\n\n<figure class=\"wp-block-video\"><video height=\"1280\" style=\"aspect-ratio: 1024 \/ 1280;\" width=\"1024\" controls src=\"https:\/\/eldiariodesanpedro.com.ar\/sitio\/wp-content\/uploads\/2021\/08\/WhatsApp-Video-2021-08-09-at-10.21.55.mp4\"><\/video><\/figure>\n","protected":false},"excerpt":{"rendered":"<p>En la tarde de hoy fue trasladado el joven de 16 a\u00f1os que fue parte del accidente ocurrido en la madrugada de hoy donde dos j\u00f3venes perdieron la vida. En una jornada muy triste para nuestra ciudad donde dos j\u00f3venes de 18 a\u00f1os fallecieron al impactar un autom\u00f3vil contra un \u00e1rbol en la zona de [&hellip;]<\/p>\n","protected":false},"author":4,"featured_media":97124,"comment_status":"closed","ping_status":"closed","sticky":false,"template":"","format":"standard","meta":{"om_disable_all_campaigns":false,"_jetpack_memberships_contains_paid_content":false,"footnotes":""},"categories":[50,101,2],"tags":[],"class_list":["post-97123","post","type-post","status-publish","format-standard","has-post-thumbnail","hentry","category-destacadas","category-interes-general-locales","category-locales"],"aioseo_notices":[],"gutentor_comment":0,"jetpack_featured_media_url":"https:\/\/eldiariodesanpedro.com.ar\/sitio\/wp-content\/uploads\/2021\/08\/medida.jpg","jetpack_shortlink":"https:\/\/wp.me\/p6RhLt-pgv","jetpack_sharing_enabled":true,"_links":{"self":[{"href":"https:\/\/eldiariodesanpedro.com.ar\/sitio\/wp-json\/wp\/v2\/posts\/97123","targetHints":{"allow":["GET"]}}],"collection":[{"href":"https:\/\/eldiariodesanpedro.com.ar\/sitio\/wp-json\/wp\/v2\/posts"}],"about":[{"href":"https:\/\/eldiariodesanpedro.com.ar\/sitio\/wp-json\/wp\/v2\/types\/post"}],"author":[{"embeddable":true,"href":"https:\/\/eldiariodesanpedro.com.ar\/sitio\/wp-json\/wp\/v2\/users\/4"}],"replies":[{"embeddable":true,"href":"https:\/\/eldiariodesanpedro.com.ar\/sitio\/wp-json\/wp\/v2\/comments?post=97123"}],"version-history":[{"count":3,"href":"https:\/\/eldiariodesanpedro.com.ar\/sitio\/wp-json\/wp\/v2\/posts\/97123\/revisions"}],"predecessor-version":[{"id":97142,"href":"https:\/\/eldiariodesanpedro.com.ar\/sitio\/wp-json\/wp\/v2\/posts\/97123\/revisions\/97142"}],"wp:featuredmedia":[{"embeddable":true,"href":"https:\/\/eldiariodesanpedro.com.ar\/sitio\/wp-json\/wp\/v2\/media\/97124"}],"wp:attachment":[{"href":"https:\/\/eldiariodesanpedro.com.ar\/sitio\/wp-json\/wp\/v2\/media?parent=97123"}],"wp:term":[{"taxonomy":"category","embeddable":true,"href":"https:\/\/eldiariodesanpedro.com.ar\/sitio\/wp-json\/wp\/v2\/categories?post=97123"},{"taxonomy":"post_tag","embeddable":true,"href":"https:\/\/eldiariodesanpedro.com.ar\/sitio\/wp-json\/wp\/v2\/tags?post=97123"}],"curies":[{"name":"wp","href":"https:\/\/api.w.org\/{rel}","templated":true}]}}