{"id":97120,"date":"2021-08-08T18:55:26","date_gmt":"2021-08-08T21:55:26","guid":{"rendered":"https:\/\/eldiariodesanpedro.com.ar\/sitio\/?p=97120"},"modified":"2021-08-08T18:55:31","modified_gmt":"2021-08-08T21:55:31","slug":"el-country-otra-vez-se-suspendera-hasta-el-ano-proximo","status":"publish","type":"post","link":"https:\/\/eldiariodesanpedro.com.ar\/sitio\/el-country-otra-vez-se-suspendera-hasta-el-ano-proximo\/","title":{"rendered":"El Country otra vez se suspender\u00e1 hasta el a\u00f1o pr\u00f3ximo"},"content":{"rendered":"<!-- VideographyWP Plugin Message: Automatic video embedding prevented by plugin options. -->\n\n<p>A trav\u00e9s de las redes sociales se inform\u00f3 que este a\u00f1o tampoco se realizar\u00e1 el tradicional festival de m\u00fasica country.<\/p>\n\n\n\n<p><em>El San Pedro #17 esperar\u00e1 un poco m\u00e1s&#8230;<br>El Festival en San Pedro, volver\u00e1 cuando el protocolo garantice una fiesta igual o mejor que las 16 anteriores.<br>Si jam\u00e1s imaginamos lo que ocurri\u00f3 desde el 2003 hasta el 2019, por qu\u00e9 no confiar en que el regreso ser\u00e1 posible pronto, con<a href=\"https:\/\/www.facebook.com\/hashtag\/salud?__eep__=6&amp;__cft__[0]=AZUJZM-t0cJ6sTWHcCug5uOKSeenHsJEFX0Wc8bJj7SHGeNl2aAhc2uOGy5x1NbUhXm21AXGPMqBzSv1nGdwinN58dmDSAziQFVnzQYzg9XvxJcj2hnh8q6pgoDhSwcmOFEfW7I6awXKB2d5xb6XLses&amp;__tn__=*NK-R\"> #salud<\/a> y habiendo dejado atr\u00e1s este tiempo de incertidumbre.<br>A pesar de que algunos espect\u00e1culos con poco p\u00fablico est\u00e1n siendo autorizados, hasta la fecha, un encuentro abierto, gratuito y masivo no est\u00e1 permitido.<br>A\u00fan si esto cambiar\u00e1 en las pr\u00f3ximas semanas, consideramos que es mejor esperar para un regreso seguro y previsible.<br>Gracias a todxs por el inter\u00e9s, las consultas y el valor que progresivamente, sampedrinos visitantes han dado a nuestra propuesta.<\/em><\/p>\n","protected":false},"excerpt":{"rendered":"<p>A trav\u00e9s de las redes sociales se inform\u00f3 que este a\u00f1o tampoco se realizar\u00e1 el tradicional festival de m\u00fasica country. El San Pedro #17 esperar\u00e1 un poco m\u00e1s&#8230;El Festival en San Pedro, volver\u00e1 cuando el protocolo garantice una fiesta igual o mejor que las 16 anteriores.Si jam\u00e1s imaginamos lo que ocurri\u00f3 desde el 2003 hasta [&hellip;]<\/p>\n","protected":false},"author":4,"featured_media":97121,"comment_status":"closed","ping_status":"closed","sticky":false,"template":"","format":"standard","meta":{"om_disable_all_campaigns":false,"_jetpack_memberships_contains_paid_content":false,"footnotes":""},"categories":[50,101,2],"tags":[],"class_list":["post-97120","post","type-post","status-publish","format-standard","has-post-thumbnail","hentry","category-destacadas","category-interes-general-locales","category-locales"],"aioseo_notices":[],"gutentor_comment":0,"jetpack_featured_media_url":"https:\/\/eldiariodesanpedro.com.ar\/sitio\/wp-content\/uploads\/2021\/08\/229740444_4286141914812510_5537158275547261916_n.jpg","jetpack_shortlink":"https:\/\/wp.me\/p6RhLt-pgs","jetpack_sharing_enabled":true,"_links":{"self":[{"href":"https:\/\/eldiariodesanpedro.com.ar\/sitio\/wp-json\/wp\/v2\/posts\/97120","targetHints":{"allow":["GET"]}}],"collection":[{"href":"https:\/\/eldiariodesanpedro.com.ar\/sitio\/wp-json\/wp\/v2\/posts"}],"about":[{"href":"https:\/\/eldiariodesanpedro.com.ar\/sitio\/wp-json\/wp\/v2\/types\/post"}],"author":[{"embeddable":true,"href":"https:\/\/eldiariodesanpedro.com.ar\/sitio\/wp-json\/wp\/v2\/users\/4"}],"replies":[{"embeddable":true,"href":"https:\/\/eldiariodesanpedro.com.ar\/sitio\/wp-json\/wp\/v2\/comments?post=97120"}],"version-history":[{"count":1,"href":"https:\/\/eldiariodesanpedro.com.ar\/sitio\/wp-json\/wp\/v2\/posts\/97120\/revisions"}],"predecessor-version":[{"id":97122,"href":"https:\/\/eldiariodesanpedro.com.ar\/sitio\/wp-json\/wp\/v2\/posts\/97120\/revisions\/97122"}],"wp:featuredmedia":[{"embeddable":true,"href":"https:\/\/eldiariodesanpedro.com.ar\/sitio\/wp-json\/wp\/v2\/media\/97121"}],"wp:attachment":[{"href":"https:\/\/eldiariodesanpedro.com.ar\/sitio\/wp-json\/wp\/v2\/media?parent=97120"}],"wp:term":[{"taxonomy":"category","embeddable":true,"href":"https:\/\/eldiariodesanpedro.com.ar\/sitio\/wp-json\/wp\/v2\/categories?post=97120"},{"taxonomy":"post_tag","embeddable":true,"href":"https:\/\/eldiariodesanpedro.com.ar\/sitio\/wp-json\/wp\/v2\/tags?post=97120"}],"curies":[{"name":"wp","href":"https:\/\/api.w.org\/{rel}","templated":true}]}}