{"id":97115,"date":"2021-08-08T18:09:11","date_gmt":"2021-08-08T21:09:11","guid":{"rendered":"https:\/\/eldiariodesanpedro.com.ar\/sitio\/?p=97115"},"modified":"2021-08-08T18:09:15","modified_gmt":"2021-08-08T21:09:15","slug":"edicto-sucesion-de-fernandez-olga-angela","status":"publish","type":"post","link":"https:\/\/eldiariodesanpedro.com.ar\/sitio\/edicto-sucesion-de-fernandez-olga-angela\/","title":{"rendered":"Edicto Sucesion de Fernandez Olga Angela"},"content":{"rendered":"<!-- VideographyWP Plugin Message: Automatic video embedding prevented by plugin options. -->\n\n<p>El Juzgado de Primera Instancia en lo Civil y Comercial N\u00b02 de la ciudad de San Nicol\u00e1s, Provincia de Buenos Aires, cita y emplaza por 30 d\u00edas a todos los que se consideren con derecho a los bienes dejados por <strong>Fernandez Olga Angela<\/strong>.- San NIcol\u00e1s 13 de Julio de 2021.-<\/p>\n\n\n\n<p>DR.\u00a0 COLOMBO MARCELO\u00a0<br>AUXILIAR LETRADO.\u00a0\u00a0\u00a0<\/p>\n","protected":false},"excerpt":{"rendered":"<p>El Juzgado de Primera Instancia en lo Civil y Comercial N\u00b02 de la ciudad de San Nicol\u00e1s, Provincia de Buenos Aires, cita y emplaza por 30 d\u00edas a todos los que se consideren con derecho a los bienes dejados por Fernandez Olga Angela.- San NIcol\u00e1s 13 de Julio de 2021.- DR.\u00a0 COLOMBO MARCELO\u00a0AUXILIAR LETRADO.\u00a0\u00a0\u00a0<\/p>\n","protected":false},"author":4,"featured_media":81115,"comment_status":"closed","ping_status":"closed","sticky":false,"template":"","format":"standard","meta":{"om_disable_all_campaigns":false,"_jetpack_memberships_contains_paid_content":false,"footnotes":""},"categories":[676,677],"tags":[],"class_list":["post-97115","post","type-post","status-publish","format-standard","has-post-thumbnail","hentry","category-edictos","category-edictos-sucesorios"],"aioseo_notices":[],"gutentor_comment":0,"jetpack_featured_media_url":"https:\/\/eldiariodesanpedro.com.ar\/sitio\/wp-content\/uploads\/2020\/09\/Poder-Judicial.jpg","jetpack_shortlink":"https:\/\/wp.me\/p6RhLt-pgn","jetpack_sharing_enabled":true,"_links":{"self":[{"href":"https:\/\/eldiariodesanpedro.com.ar\/sitio\/wp-json\/wp\/v2\/posts\/97115","targetHints":{"allow":["GET"]}}],"collection":[{"href":"https:\/\/eldiariodesanpedro.com.ar\/sitio\/wp-json\/wp\/v2\/posts"}],"about":[{"href":"https:\/\/eldiariodesanpedro.com.ar\/sitio\/wp-json\/wp\/v2\/types\/post"}],"author":[{"embeddable":true,"href":"https:\/\/eldiariodesanpedro.com.ar\/sitio\/wp-json\/wp\/v2\/users\/4"}],"replies":[{"embeddable":true,"href":"https:\/\/eldiariodesanpedro.com.ar\/sitio\/wp-json\/wp\/v2\/comments?post=97115"}],"version-history":[{"count":1,"href":"https:\/\/eldiariodesanpedro.com.ar\/sitio\/wp-json\/wp\/v2\/posts\/97115\/revisions"}],"predecessor-version":[{"id":97116,"href":"https:\/\/eldiariodesanpedro.com.ar\/sitio\/wp-json\/wp\/v2\/posts\/97115\/revisions\/97116"}],"wp:featuredmedia":[{"embeddable":true,"href":"https:\/\/eldiariodesanpedro.com.ar\/sitio\/wp-json\/wp\/v2\/media\/81115"}],"wp:attachment":[{"href":"https:\/\/eldiariodesanpedro.com.ar\/sitio\/wp-json\/wp\/v2\/media?parent=97115"}],"wp:term":[{"taxonomy":"category","embeddable":true,"href":"https:\/\/eldiariodesanpedro.com.ar\/sitio\/wp-json\/wp\/v2\/categories?post=97115"},{"taxonomy":"post_tag","embeddable":true,"href":"https:\/\/eldiariodesanpedro.com.ar\/sitio\/wp-json\/wp\/v2\/tags?post=97115"}],"curies":[{"name":"wp","href":"https:\/\/api.w.org\/{rel}","templated":true}]}}