{"id":97109,"date":"2021-08-08T12:16:54","date_gmt":"2021-08-08T15:16:54","guid":{"rendered":"https:\/\/eldiariodesanpedro.com.ar\/sitio\/?p=97109"},"modified":"2021-08-08T14:36:02","modified_gmt":"2021-08-08T17:36:02","slug":"dos-jovenes-fallecidos-uno-con-amputacion-de-un-brazo-y-dos-con-traumatismo-de-craneo-por-un-choque-en-la-bajada-del-nautico","status":"publish","type":"post","link":"https:\/\/eldiariodesanpedro.com.ar\/sitio\/dos-jovenes-fallecidos-uno-con-amputacion-de-un-brazo-y-dos-con-traumatismo-de-craneo-por-un-choque-en-la-bajada-del-nautico\/","title":{"rendered":"Dos jovenes fallecidos, uno con amputacion de un brazo y  dos con traumatismo de craneo por un choque en la bajada del N\u00e1utico"},"content":{"rendered":"<!-- VideographyWP Plugin Message: Automatic video embedding prevented by plugin options. -->\n\n<p>El triste hecho ocurri\u00f3 en la madrugada de este domingo cuando cinco j\u00f3venes que circulaban en un autom\u00f3vil colisionaron contra un \u00e1rbol en la bajada del n\u00e1utico, dos fallecieron y tres en estado grave.<\/p>\n\n\n\n<p>La ciudad se encuentra enlutada este domingo por un grave hecho donde dos j\u00f3venes de 17 a\u00f1os identificados como Federico Laurino y Selene Mu\u00f1oz fallecieron tras impactar un autom\u00f3vil Mini Cooper contra un \u00e1rbol en la zona de la bajada del n\u00e1utico alrededor de las 05 de la madrugada , tres j\u00f3venes reconocidos conocidos como Ivo Alvarez de 18 a\u00f1os que sufri\u00f3 traumatismo de cr\u00e1neo, Juan Campos de 16 a\u00f1os con amputaci\u00f3n de un brazo y doble fractura de f\u00e9mur, y Alejandro Garavaglia de 18 a\u00f1os con traumatismo de cr\u00e1neo.<\/p>\n\n\n\n<p>Los j\u00f3venes se encuentran internados en el sanatorio Coopser.<\/p>\n\n\n\n<p>En el accidente intervino Bomberos voluntarios por quien tras el impacto el autom\u00f3vil comenz\u00f3 a incendiarse siendo sofocado por otras personas.<\/p>\n\n\n\n<p>Tanto el Club nautico como el Club Mitre emitiron su mensajes de condolencias ya que estos eran socios.<\/p>\n\n\n\n<p><em>La subcomisi\u00f3n de f\u00fatbol del CNSP acompa\u00f1a en este dif\u00edcil momento a la familia de los socios que atraviesan un momento muy doloroso. Compartimos el luto por la trageida y enviamos nuestras condolencias, informamos que la jornada de hoy est\u00e1 suspendida.<\/em><\/p>\n\n\n\n<p><em>Con profundo dolor despedimos a nuestra querida Serena Mu\u00f1oz socia desde los 4 a\u00f1os y representante en pat\u00edn art\u00edstico en infinitas competencias, tambi\u00e9n a Federico Laurino que supo en un tiempo practicar y jugar en Mitre. Abrazamos a la distancia a sus familias, a sus amigos, a todos sus seres queridos que est\u00e1n pasando un triste momento. QEPD<\/em><\/p>\n\n\n\n<figure class=\"wp-block-image size-large\"><img decoding=\"async\" width=\"1024\" height=\"1024\" data-attachment-id=\"97105\" data-permalink=\"https:\/\/eldiariodesanpedro.com.ar\/sitio\/whatsapp-image-2021-08-08-at-11-03-25-3\/\" data-orig-file=\"https:\/\/eldiariodesanpedro.com.ar\/sitio\/wp-content\/uploads\/2021\/08\/WhatsApp-Image-2021-08-08-at-11.03.25-3.jpeg\" data-orig-size=\"1544,1544\" data-comments-opened=\"0\" data-image-meta=\"{&quot;aperture&quot;:&quot;0&quot;,&quot;credit&quot;:&quot;&quot;,&quot;camera&quot;:&quot;&quot;,&quot;caption&quot;:&quot;&quot;,&quot;created_timestamp&quot;:&quot;0&quot;,&quot;copyright&quot;:&quot;&quot;,&quot;focal_length&quot;:&quot;0&quot;,&quot;iso&quot;:&quot;0&quot;,&quot;shutter_speed&quot;:&quot;0&quot;,&quot;title&quot;:&quot;&quot;,&quot;orientation&quot;:&quot;0&quot;}\" data-image-title=\"WhatsApp Image 2021-08-08 at 11.03.25 (3)\" data-image-description=\"\" data-image-caption=\"\" data-large-file=\"https:\/\/eldiariodesanpedro.com.ar\/sitio\/wp-content\/uploads\/2021\/08\/WhatsApp-Image-2021-08-08-at-11.03.25-3-1024x1024.jpeg\" data-src=\"https:\/\/eldiariodesanpedro.com.ar\/sitio\/wp-content\/uploads\/2021\/08\/WhatsApp-Image-2021-08-08-at-11.03.25-3-1024x1024.jpeg\" alt=\"\" class=\"wp-image-97105 lazyload\" data-srcset=\"https:\/\/eldiariodesanpedro.com.ar\/sitio\/wp-content\/uploads\/2021\/08\/WhatsApp-Image-2021-08-08-at-11.03.25-3-1024x1024.jpeg 1024w, https:\/\/eldiariodesanpedro.com.ar\/sitio\/wp-content\/uploads\/2021\/08\/WhatsApp-Image-2021-08-08-at-11.03.25-3-300x300.jpeg 300w, https:\/\/eldiariodesanpedro.com.ar\/sitio\/wp-content\/uploads\/2021\/08\/WhatsApp-Image-2021-08-08-at-11.03.25-3-150x150.jpeg 150w, https:\/\/eldiariodesanpedro.com.ar\/sitio\/wp-content\/uploads\/2021\/08\/WhatsApp-Image-2021-08-08-at-11.03.25-3-768x768.jpeg 768w, https:\/\/eldiariodesanpedro.com.ar\/sitio\/wp-content\/uploads\/2021\/08\/WhatsApp-Image-2021-08-08-at-11.03.25-3-1536x1536.jpeg 1536w, https:\/\/eldiariodesanpedro.com.ar\/sitio\/wp-content\/uploads\/2021\/08\/WhatsApp-Image-2021-08-08-at-11.03.25-3.jpeg 1544w\" data-sizes=\"(max-width: 1024px) 100vw, 1024px\" src=\"data:image\/svg+xml;base64,PHN2ZyB3aWR0aD0iMSIgaGVpZ2h0PSIxIiB4bWxucz0iaHR0cDovL3d3dy53My5vcmcvMjAwMC9zdmciPjwvc3ZnPg==\" style=\"--smush-placeholder-width: 1024px; --smush-placeholder-aspect-ratio: 1024\/1024;\" \/><\/figure>\n\n\n\n<figure class=\"wp-block-image size-large\"><img decoding=\"async\" width=\"472\" height=\"1024\" data-attachment-id=\"97107\" data-permalink=\"https:\/\/eldiariodesanpedro.com.ar\/sitio\/whatsapp-image-2021-08-08-at-11-03-25-2-1\/\" data-orig-file=\"https:\/\/eldiariodesanpedro.com.ar\/sitio\/wp-content\/uploads\/2021\/08\/WhatsApp-Image-2021-08-08-at-11.03.25-2-1.jpeg\" data-orig-size=\"590,1280\" data-comments-opened=\"0\" data-image-meta=\"{&quot;aperture&quot;:&quot;0&quot;,&quot;credit&quot;:&quot;&quot;,&quot;camera&quot;:&quot;&quot;,&quot;caption&quot;:&quot;&quot;,&quot;created_timestamp&quot;:&quot;0&quot;,&quot;copyright&quot;:&quot;&quot;,&quot;focal_length&quot;:&quot;0&quot;,&quot;iso&quot;:&quot;0&quot;,&quot;shutter_speed&quot;:&quot;0&quot;,&quot;title&quot;:&quot;&quot;,&quot;orientation&quot;:&quot;0&quot;}\" data-image-title=\"WhatsApp-Image-2021-08-08-at-11.03.25-2-1\" data-image-description=\"\" data-image-caption=\"\" data-large-file=\"https:\/\/eldiariodesanpedro.com.ar\/sitio\/wp-content\/uploads\/2021\/08\/WhatsApp-Image-2021-08-08-at-11.03.25-2-1-472x1024.jpeg\" data-src=\"https:\/\/eldiariodesanpedro.com.ar\/sitio\/wp-content\/uploads\/2021\/08\/WhatsApp-Image-2021-08-08-at-11.03.25-2-1-472x1024.jpeg\" alt=\"\" class=\"wp-image-97107 lazyload\" data-srcset=\"https:\/\/eldiariodesanpedro.com.ar\/sitio\/wp-content\/uploads\/2021\/08\/WhatsApp-Image-2021-08-08-at-11.03.25-2-1-472x1024.jpeg 472w, https:\/\/eldiariodesanpedro.com.ar\/sitio\/wp-content\/uploads\/2021\/08\/WhatsApp-Image-2021-08-08-at-11.03.25-2-1-138x300.jpeg 138w, https:\/\/eldiariodesanpedro.com.ar\/sitio\/wp-content\/uploads\/2021\/08\/WhatsApp-Image-2021-08-08-at-11.03.25-2-1.jpeg 590w\" data-sizes=\"(max-width: 472px) 100vw, 472px\" src=\"data:image\/svg+xml;base64,PHN2ZyB3aWR0aD0iMSIgaGVpZ2h0PSIxIiB4bWxucz0iaHR0cDovL3d3dy53My5vcmcvMjAwMC9zdmciPjwvc3ZnPg==\" style=\"--smush-placeholder-width: 472px; --smush-placeholder-aspect-ratio: 472\/1024;\" \/><\/figure>\n","protected":false},"excerpt":{"rendered":"<p>El triste hecho ocurri\u00f3 en la madrugada de este domingo cuando cinco j\u00f3venes que circulaban en un autom\u00f3vil colisionaron contra un \u00e1rbol en la bajada del n\u00e1utico, dos fallecieron y tres en estado grave. La ciudad se encuentra enlutada este domingo por un grave hecho donde dos j\u00f3venes de 17 a\u00f1os identificados como Federico Laurino [&hellip;]<\/p>\n","protected":false},"author":4,"featured_media":97106,"comment_status":"closed","ping_status":"closed","sticky":false,"template":"","format":"standard","meta":{"om_disable_all_campaigns":false,"_jetpack_memberships_contains_paid_content":false,"footnotes":""},"categories":[50,2,103],"tags":[],"class_list":["post-97109","post","type-post","status-publish","format-standard","has-post-thumbnail","hentry","category-destacadas","category-locales","category-policiales-locales"],"aioseo_notices":[],"gutentor_comment":0,"jetpack_featured_media_url":"https:\/\/eldiariodesanpedro.com.ar\/sitio\/wp-content\/uploads\/2021\/08\/WhatsApp-Image-2021-08-08-at-11.03.25.jpeg","jetpack_shortlink":"https:\/\/wp.me\/p6RhLt-pgh","jetpack_sharing_enabled":true,"_links":{"self":[{"href":"https:\/\/eldiariodesanpedro.com.ar\/sitio\/wp-json\/wp\/v2\/posts\/97109","targetHints":{"allow":["GET"]}}],"collection":[{"href":"https:\/\/eldiariodesanpedro.com.ar\/sitio\/wp-json\/wp\/v2\/posts"}],"about":[{"href":"https:\/\/eldiariodesanpedro.com.ar\/sitio\/wp-json\/wp\/v2\/types\/post"}],"author":[{"embeddable":true,"href":"https:\/\/eldiariodesanpedro.com.ar\/sitio\/wp-json\/wp\/v2\/users\/4"}],"replies":[{"embeddable":true,"href":"https:\/\/eldiariodesanpedro.com.ar\/sitio\/wp-json\/wp\/v2\/comments?post=97109"}],"version-history":[{"count":2,"href":"https:\/\/eldiariodesanpedro.com.ar\/sitio\/wp-json\/wp\/v2\/posts\/97109\/revisions"}],"predecessor-version":[{"id":97111,"href":"https:\/\/eldiariodesanpedro.com.ar\/sitio\/wp-json\/wp\/v2\/posts\/97109\/revisions\/97111"}],"wp:featuredmedia":[{"embeddable":true,"href":"https:\/\/eldiariodesanpedro.com.ar\/sitio\/wp-json\/wp\/v2\/media\/97106"}],"wp:attachment":[{"href":"https:\/\/eldiariodesanpedro.com.ar\/sitio\/wp-json\/wp\/v2\/media?parent=97109"}],"wp:term":[{"taxonomy":"category","embeddable":true,"href":"https:\/\/eldiariodesanpedro.com.ar\/sitio\/wp-json\/wp\/v2\/categories?post=97109"},{"taxonomy":"post_tag","embeddable":true,"href":"https:\/\/eldiariodesanpedro.com.ar\/sitio\/wp-json\/wp\/v2\/tags?post=97109"}],"curies":[{"name":"wp","href":"https:\/\/api.w.org\/{rel}","templated":true}]}}