{"id":97089,"date":"2021-08-07T12:44:07","date_gmt":"2021-08-07T15:44:07","guid":{"rendered":"https:\/\/eldiariodesanpedro.com.ar\/sitio\/?p=97089"},"modified":"2021-08-07T12:48:51","modified_gmt":"2021-08-07T15:48:51","slug":"hoy-tuvo-principio-de-incendio-en-la-casa-y-antes-de-ayer-en-un-automovil-llamo-a-bomberos-y-cuando-llegaron-los-echo","status":"publish","type":"post","link":"https:\/\/eldiariodesanpedro.com.ar\/sitio\/hoy-tuvo-principio-de-incendio-en-la-casa-y-antes-de-ayer-en-un-automovil-llamo-a-bomberos-y-cuando-llegaron-los-echo\/","title":{"rendered":"Hoy tuvo principio de incendio en la casa y antes de ayer en un autom\u00f3vil, llam\u00f3 a bomberos y cuando llegaron los ech\u00f3"},"content":{"rendered":"<!-- VideographyWP Plugin Message: Automatic video embedding prevented by plugin options. -->\n\n<p>En la jornada de hoy sabado la polic\u00eda de nuestra ciudad recibi\u00f3 un llamado al 911 por parte de un ciudadano que advert\u00eda de un incendio en una computadora cuando bomberos se hace presente esta misma persona no les permiti\u00f3 el ingreso a la vivienda.<\/p>\n\n\n\n<p>El siniestro tuvo lugar en calle Depietri y calle Honorio Pueyrred\u00f3n  alrededor de las 12 hs donde un ciudadano mayor de edad realiz\u00f3 un llamado a emergencias para solicitar la presencia de un m\u00f3vil policial por el incendio en una computadora, por lo que autom\u00e1ticamente se env\u00eda a bomberos, al momento de la llegada de la dotaci\u00f3n un ciudadano que ser\u00eda quien llam\u00f3 se par\u00f3 en la puerta de acceso sin permitir a bomberos voluntarios ingresar a controlar a pesar de que a\u00fan segu\u00eda saliendo humo de la casa, a la llegada de la polic\u00eda tampoco permiti\u00f3 el acceso por lo que ambos debieron retirarse del lugar , inclusive agredi\u00f3 a los medios de comunicaci\u00f3n presentes.<\/p>\n\n\n\n<p>Este sujeto el pasado jueves al mediod\u00eda tuvo un incidente similar cuando tambi\u00e9n tuvo que hacerse presente una dotaci\u00f3n de Bomberos para sofocar el fuego en un autom\u00f3vil que se encontraba dentro de un garaje, que tambi\u00e9n lo sofoc\u00f3 el mismo sin necesidad de intervenci\u00f3n de la dotaci\u00f3n.<\/p>\n\n\n\n<figure class=\"wp-block-image size-large\"><img decoding=\"async\" width=\"1024\" height=\"497\" data-attachment-id=\"97090\" data-permalink=\"https:\/\/eldiariodesanpedro.com.ar\/sitio\/hoy-tuvo-principio-de-incendio-en-la-casa-y-antes-de-ayer-en-un-automovil-llamo-a-bomberos-y-cuando-llegaron-los-echo\/whatsapp-image-2021-08-07-at-12-11-41-1\/\" data-orig-file=\"https:\/\/eldiariodesanpedro.com.ar\/sitio\/wp-content\/uploads\/2021\/08\/WhatsApp-Image-2021-08-07-at-12.11.41-1.jpeg\" data-orig-size=\"1600,777\" data-comments-opened=\"0\" data-image-meta=\"{&quot;aperture&quot;:&quot;0&quot;,&quot;credit&quot;:&quot;&quot;,&quot;camera&quot;:&quot;&quot;,&quot;caption&quot;:&quot;&quot;,&quot;created_timestamp&quot;:&quot;0&quot;,&quot;copyright&quot;:&quot;&quot;,&quot;focal_length&quot;:&quot;0&quot;,&quot;iso&quot;:&quot;0&quot;,&quot;shutter_speed&quot;:&quot;0&quot;,&quot;title&quot;:&quot;&quot;,&quot;orientation&quot;:&quot;0&quot;}\" data-image-title=\"WhatsApp Image 2021-08-07 at 12.11.41 (1)\" data-image-description=\"\" data-image-caption=\"\" data-large-file=\"https:\/\/eldiariodesanpedro.com.ar\/sitio\/wp-content\/uploads\/2021\/08\/WhatsApp-Image-2021-08-07-at-12.11.41-1-1024x497.jpeg\" data-src=\"https:\/\/eldiariodesanpedro.com.ar\/sitio\/wp-content\/uploads\/2021\/08\/WhatsApp-Image-2021-08-07-at-12.11.41-1-1024x497.jpeg\" alt=\"\" class=\"wp-image-97090 lazyload\" data-srcset=\"https:\/\/eldiariodesanpedro.com.ar\/sitio\/wp-content\/uploads\/2021\/08\/WhatsApp-Image-2021-08-07-at-12.11.41-1-1024x497.jpeg 1024w, https:\/\/eldiariodesanpedro.com.ar\/sitio\/wp-content\/uploads\/2021\/08\/WhatsApp-Image-2021-08-07-at-12.11.41-1-300x146.jpeg 300w, https:\/\/eldiariodesanpedro.com.ar\/sitio\/wp-content\/uploads\/2021\/08\/WhatsApp-Image-2021-08-07-at-12.11.41-1-768x373.jpeg 768w, https:\/\/eldiariodesanpedro.com.ar\/sitio\/wp-content\/uploads\/2021\/08\/WhatsApp-Image-2021-08-07-at-12.11.41-1-1536x746.jpeg 1536w, https:\/\/eldiariodesanpedro.com.ar\/sitio\/wp-content\/uploads\/2021\/08\/WhatsApp-Image-2021-08-07-at-12.11.41-1.jpeg 1600w\" data-sizes=\"(max-width: 1024px) 100vw, 1024px\" src=\"data:image\/svg+xml;base64,PHN2ZyB3aWR0aD0iMSIgaGVpZ2h0PSIxIiB4bWxucz0iaHR0cDovL3d3dy53My5vcmcvMjAwMC9zdmciPjwvc3ZnPg==\" style=\"--smush-placeholder-width: 1024px; --smush-placeholder-aspect-ratio: 1024\/497;\" \/><\/figure>\n\n\n\n<figure class=\"wp-block-image size-large\"><img decoding=\"async\" width=\"1024\" height=\"498\" data-attachment-id=\"96985\" data-permalink=\"https:\/\/eldiariodesanpedro.com.ar\/sitio\/20210805_115306\/\" data-orig-file=\"https:\/\/eldiariodesanpedro.com.ar\/sitio\/wp-content\/uploads\/2021\/08\/20210805_115306-scaled.jpg\" data-orig-size=\"2560,1244\" data-comments-opened=\"0\" data-image-meta=\"{&quot;aperture&quot;:&quot;1.7&quot;,&quot;credit&quot;:&quot;&quot;,&quot;camera&quot;:&quot;SM-G955F&quot;,&quot;caption&quot;:&quot;&quot;,&quot;created_timestamp&quot;:&quot;1628164386&quot;,&quot;copyright&quot;:&quot;&quot;,&quot;focal_length&quot;:&quot;4.2&quot;,&quot;iso&quot;:&quot;40&quot;,&quot;shutter_speed&quot;:&quot;0.0021786492374728&quot;,&quot;title&quot;:&quot;&quot;,&quot;orientation&quot;:&quot;1&quot;}\" data-image-title=\"20210805_115306\" data-image-description=\"\" data-image-caption=\"\" data-large-file=\"https:\/\/eldiariodesanpedro.com.ar\/sitio\/wp-content\/uploads\/2021\/08\/20210805_115306-1024x498.jpg\" data-src=\"https:\/\/eldiariodesanpedro.com.ar\/sitio\/wp-content\/uploads\/2021\/08\/20210805_115306-1024x498.jpg\" alt=\"\" class=\"wp-image-96985 lazyload\" data-srcset=\"https:\/\/eldiariodesanpedro.com.ar\/sitio\/wp-content\/uploads\/2021\/08\/20210805_115306-1024x498.jpg 1024w, https:\/\/eldiariodesanpedro.com.ar\/sitio\/wp-content\/uploads\/2021\/08\/20210805_115306-300x146.jpg 300w, https:\/\/eldiariodesanpedro.com.ar\/sitio\/wp-content\/uploads\/2021\/08\/20210805_115306-768x373.jpg 768w, https:\/\/eldiariodesanpedro.com.ar\/sitio\/wp-content\/uploads\/2021\/08\/20210805_115306-1536x747.jpg 1536w, https:\/\/eldiariodesanpedro.com.ar\/sitio\/wp-content\/uploads\/2021\/08\/20210805_115306-2048x996.jpg 2048w\" data-sizes=\"(max-width: 1024px) 100vw, 1024px\" src=\"data:image\/svg+xml;base64,PHN2ZyB3aWR0aD0iMSIgaGVpZ2h0PSIxIiB4bWxucz0iaHR0cDovL3d3dy53My5vcmcvMjAwMC9zdmciPjwvc3ZnPg==\" style=\"--smush-placeholder-width: 1024px; --smush-placeholder-aspect-ratio: 1024\/498;\" \/><figcaption>El incendio del automovil con la misma persona<\/figcaption><\/figure>\n","protected":false},"excerpt":{"rendered":"<p>En la jornada de hoy sabado la polic\u00eda de nuestra ciudad recibi\u00f3 un llamado al 911 por parte de un ciudadano que advert\u00eda de un incendio en una computadora cuando bomberos se hace presente esta misma persona no les permiti\u00f3 el ingreso a la vivienda. El siniestro tuvo lugar en calle Depietri y calle Honorio [&hellip;]<\/p>\n","protected":false},"author":4,"featured_media":97091,"comment_status":"closed","ping_status":"closed","sticky":false,"template":"","format":"standard","meta":{"om_disable_all_campaigns":false,"_jetpack_memberships_contains_paid_content":false,"footnotes":""},"categories":[50,2,103],"tags":[],"class_list":["post-97089","post","type-post","status-publish","format-standard","has-post-thumbnail","hentry","category-destacadas","category-locales","category-policiales-locales"],"aioseo_notices":[],"gutentor_comment":0,"jetpack_featured_media_url":"https:\/\/eldiariodesanpedro.com.ar\/sitio\/wp-content\/uploads\/2021\/08\/WhatsApp-Image-2021-08-07-at-12.11.41.jpeg","jetpack_shortlink":"https:\/\/wp.me\/p6RhLt-pfX","jetpack_sharing_enabled":true,"_links":{"self":[{"href":"https:\/\/eldiariodesanpedro.com.ar\/sitio\/wp-json\/wp\/v2\/posts\/97089","targetHints":{"allow":["GET"]}}],"collection":[{"href":"https:\/\/eldiariodesanpedro.com.ar\/sitio\/wp-json\/wp\/v2\/posts"}],"about":[{"href":"https:\/\/eldiariodesanpedro.com.ar\/sitio\/wp-json\/wp\/v2\/types\/post"}],"author":[{"embeddable":true,"href":"https:\/\/eldiariodesanpedro.com.ar\/sitio\/wp-json\/wp\/v2\/users\/4"}],"replies":[{"embeddable":true,"href":"https:\/\/eldiariodesanpedro.com.ar\/sitio\/wp-json\/wp\/v2\/comments?post=97089"}],"version-history":[{"count":2,"href":"https:\/\/eldiariodesanpedro.com.ar\/sitio\/wp-json\/wp\/v2\/posts\/97089\/revisions"}],"predecessor-version":[{"id":97094,"href":"https:\/\/eldiariodesanpedro.com.ar\/sitio\/wp-json\/wp\/v2\/posts\/97089\/revisions\/97094"}],"wp:featuredmedia":[{"embeddable":true,"href":"https:\/\/eldiariodesanpedro.com.ar\/sitio\/wp-json\/wp\/v2\/media\/97091"}],"wp:attachment":[{"href":"https:\/\/eldiariodesanpedro.com.ar\/sitio\/wp-json\/wp\/v2\/media?parent=97089"}],"wp:term":[{"taxonomy":"category","embeddable":true,"href":"https:\/\/eldiariodesanpedro.com.ar\/sitio\/wp-json\/wp\/v2\/categories?post=97089"},{"taxonomy":"post_tag","embeddable":true,"href":"https:\/\/eldiariodesanpedro.com.ar\/sitio\/wp-json\/wp\/v2\/tags?post=97089"}],"curies":[{"name":"wp","href":"https:\/\/api.w.org\/{rel}","templated":true}]}}