{"id":97087,"date":"2021-08-07T12:25:28","date_gmt":"2021-08-07T15:25:28","guid":{"rendered":"https:\/\/eldiariodesanpedro.com.ar\/sitio\/?p=97087"},"modified":"2021-08-07T12:25:33","modified_gmt":"2021-08-07T15:25:33","slug":"dos-delincuentes-le-arrebataron-un-celular-a-una-menor","status":"publish","type":"post","link":"https:\/\/eldiariodesanpedro.com.ar\/sitio\/dos-delincuentes-le-arrebataron-un-celular-a-una-menor\/","title":{"rendered":"Dos delincuentes le arrebataron un celular a una menor"},"content":{"rendered":"<!-- VideographyWP Plugin Message: Automatic video embedding prevented by plugin options. -->\n\n<p>En la jornada de este viernes una mujer realiz\u00f3 una denuncia por haber sufrido un hecho de arrebato en la v\u00eda p\u00fablica.<\/p>\n\n\n\n<p>Seg\u00fan manifest\u00f3 la damnificada una joven de 17 a\u00f1os circulaba caminando sola por calle Pellegrini llegando a la Av. 3 de Febrero cuando es sorprendida por dos j\u00f3venes&nbsp; los cuales le sustrajeron el tel\u00e9fono celular que llevaba en su mano y se dan a la fuga en bicicleta.<\/p>\n\n\n\n<p>La polic\u00eda investiga el hecho para tratar de identificar a los malvivientes.<\/p>\n","protected":false},"excerpt":{"rendered":"<p>En la jornada de este viernes una mujer realiz\u00f3 una denuncia por haber sufrido un hecho de arrebato en la v\u00eda p\u00fablica. Seg\u00fan manifest\u00f3 la damnificada una joven de 17 a\u00f1os circulaba caminando sola por calle Pellegrini llegando a la Av. 3 de Febrero cuando es sorprendida por dos j\u00f3venes&nbsp; los cuales le sustrajeron el [&hellip;]<\/p>\n","protected":false},"author":4,"featured_media":77860,"comment_status":"closed","ping_status":"closed","sticky":false,"template":"","format":"standard","meta":{"om_disable_all_campaigns":false,"_jetpack_memberships_contains_paid_content":false,"footnotes":""},"categories":[2,103],"tags":[],"class_list":["post-97087","post","type-post","status-publish","format-standard","has-post-thumbnail","hentry","category-locales","category-policiales-locales"],"aioseo_notices":[],"gutentor_comment":0,"jetpack_featured_media_url":"https:\/\/eldiariodesanpedro.com.ar\/sitio\/wp-content\/uploads\/2020\/07\/000085506.jpg","jetpack_shortlink":"https:\/\/wp.me\/p6RhLt-pfV","jetpack_sharing_enabled":true,"_links":{"self":[{"href":"https:\/\/eldiariodesanpedro.com.ar\/sitio\/wp-json\/wp\/v2\/posts\/97087","targetHints":{"allow":["GET"]}}],"collection":[{"href":"https:\/\/eldiariodesanpedro.com.ar\/sitio\/wp-json\/wp\/v2\/posts"}],"about":[{"href":"https:\/\/eldiariodesanpedro.com.ar\/sitio\/wp-json\/wp\/v2\/types\/post"}],"author":[{"embeddable":true,"href":"https:\/\/eldiariodesanpedro.com.ar\/sitio\/wp-json\/wp\/v2\/users\/4"}],"replies":[{"embeddable":true,"href":"https:\/\/eldiariodesanpedro.com.ar\/sitio\/wp-json\/wp\/v2\/comments?post=97087"}],"version-history":[{"count":1,"href":"https:\/\/eldiariodesanpedro.com.ar\/sitio\/wp-json\/wp\/v2\/posts\/97087\/revisions"}],"predecessor-version":[{"id":97088,"href":"https:\/\/eldiariodesanpedro.com.ar\/sitio\/wp-json\/wp\/v2\/posts\/97087\/revisions\/97088"}],"wp:featuredmedia":[{"embeddable":true,"href":"https:\/\/eldiariodesanpedro.com.ar\/sitio\/wp-json\/wp\/v2\/media\/77860"}],"wp:attachment":[{"href":"https:\/\/eldiariodesanpedro.com.ar\/sitio\/wp-json\/wp\/v2\/media?parent=97087"}],"wp:term":[{"taxonomy":"category","embeddable":true,"href":"https:\/\/eldiariodesanpedro.com.ar\/sitio\/wp-json\/wp\/v2\/categories?post=97087"},{"taxonomy":"post_tag","embeddable":true,"href":"https:\/\/eldiariodesanpedro.com.ar\/sitio\/wp-json\/wp\/v2\/tags?post=97087"}],"curies":[{"name":"wp","href":"https:\/\/api.w.org\/{rel}","templated":true}]}}