{"id":97082,"date":"2021-08-07T11:44:23","date_gmt":"2021-08-07T14:44:23","guid":{"rendered":"https:\/\/eldiariodesanpedro.com.ar\/sitio\/?p=97082"},"modified":"2021-08-07T11:47:20","modified_gmt":"2021-08-07T14:47:20","slug":"volco-un-camion-cargado-de-harina-en-la-ruta-nacional-9","status":"publish","type":"post","link":"https:\/\/eldiariodesanpedro.com.ar\/sitio\/volco-un-camion-cargado-de-harina-en-la-ruta-nacional-9\/","title":{"rendered":"Volco un camion cargado de harina en la ruta nacional 9"},"content":{"rendered":"<!-- VideographyWP Plugin Message: Automatic video embedding prevented by plugin options. -->\n\n<p>Este viernes en horario de las 06.30 horas la polic\u00eda de nuestra ciudad toma conocimiento del vuelco de un cami\u00f3n en Ruta 9 KM 158 guiado por masculino de 24 a\u00f1os que transportaba harina desde Villa Gobernador G\u00e1lvez dirigi\u00e9ndose hacia una localidad de Buenos Aires, tras mala maniobra, quedando rodado sobre banquina y carga esparcida sobre carril lento.<\/p>\n\n\n\n<p>Trabajo en el lugar Vila 5 y Polic\u00eda Vial San Pedro.<\/p>\n","protected":false},"excerpt":{"rendered":"<p>Este viernes en horario de las 06.30 horas la polic\u00eda de nuestra ciudad toma conocimiento del vuelco de un cami\u00f3n en Ruta 9 KM 158 guiado por masculino de 24 a\u00f1os que transportaba harina desde Villa Gobernador G\u00e1lvez dirigi\u00e9ndose hacia una localidad de Buenos Aires, tras mala maniobra, quedando rodado sobre banquina y carga esparcida [&hellip;]<\/p>\n","protected":false},"author":4,"featured_media":97083,"comment_status":"closed","ping_status":"closed","sticky":false,"template":"","format":"standard","meta":{"om_disable_all_campaigns":false,"_jetpack_memberships_contains_paid_content":false,"footnotes":""},"categories":[2,103],"tags":[],"class_list":["post-97082","post","type-post","status-publish","format-standard","has-post-thumbnail","hentry","category-locales","category-policiales-locales"],"aioseo_notices":[],"gutentor_comment":0,"jetpack_featured_media_url":"https:\/\/eldiariodesanpedro.com.ar\/sitio\/wp-content\/uploads\/2021\/08\/WhatsApp-Image-2021-08-07-at-10.11.17.jpeg","jetpack_shortlink":"https:\/\/wp.me\/p6RhLt-pfQ","jetpack_sharing_enabled":true,"_links":{"self":[{"href":"https:\/\/eldiariodesanpedro.com.ar\/sitio\/wp-json\/wp\/v2\/posts\/97082","targetHints":{"allow":["GET"]}}],"collection":[{"href":"https:\/\/eldiariodesanpedro.com.ar\/sitio\/wp-json\/wp\/v2\/posts"}],"about":[{"href":"https:\/\/eldiariodesanpedro.com.ar\/sitio\/wp-json\/wp\/v2\/types\/post"}],"author":[{"embeddable":true,"href":"https:\/\/eldiariodesanpedro.com.ar\/sitio\/wp-json\/wp\/v2\/users\/4"}],"replies":[{"embeddable":true,"href":"https:\/\/eldiariodesanpedro.com.ar\/sitio\/wp-json\/wp\/v2\/comments?post=97082"}],"version-history":[{"count":3,"href":"https:\/\/eldiariodesanpedro.com.ar\/sitio\/wp-json\/wp\/v2\/posts\/97082\/revisions"}],"predecessor-version":[{"id":97086,"href":"https:\/\/eldiariodesanpedro.com.ar\/sitio\/wp-json\/wp\/v2\/posts\/97082\/revisions\/97086"}],"wp:featuredmedia":[{"embeddable":true,"href":"https:\/\/eldiariodesanpedro.com.ar\/sitio\/wp-json\/wp\/v2\/media\/97083"}],"wp:attachment":[{"href":"https:\/\/eldiariodesanpedro.com.ar\/sitio\/wp-json\/wp\/v2\/media?parent=97082"}],"wp:term":[{"taxonomy":"category","embeddable":true,"href":"https:\/\/eldiariodesanpedro.com.ar\/sitio\/wp-json\/wp\/v2\/categories?post=97082"},{"taxonomy":"post_tag","embeddable":true,"href":"https:\/\/eldiariodesanpedro.com.ar\/sitio\/wp-json\/wp\/v2\/tags?post=97082"}],"curies":[{"name":"wp","href":"https:\/\/api.w.org\/{rel}","templated":true}]}}