{"id":97079,"date":"2021-08-07T10:57:48","date_gmt":"2021-08-07T13:57:48","guid":{"rendered":"https:\/\/eldiariodesanpedro.com.ar\/sitio\/?p=97079"},"modified":"2021-08-07T10:57:52","modified_gmt":"2021-08-07T13:57:52","slug":"un-ciudadano-detenido-por-pedido-de-captura","status":"publish","type":"post","link":"https:\/\/eldiariodesanpedro.com.ar\/sitio\/un-ciudadano-detenido-por-pedido-de-captura\/","title":{"rendered":"Un ciudadano detenido por pedido de captura"},"content":{"rendered":"<!-- VideographyWP Plugin Message: Automatic video embedding prevented by plugin options. -->\n\n<p>Este viernes en horas de la noche el personal policial en Av. 11 de Septiembre y Casella, traslada a ciudadano de 25 a\u00f1os, quien tras intentar evadir control policial se lo identifica constat\u00e1ndose que mismo posee pedido de captura activa desde el d\u00eda 03 de mayo de 2021 impuesta por Trib CRIM. N\u00b0 2 SN por hecho de tenencia ilegal de arma de fuego (reiterado), disponi\u00e9ndose su detenci\u00f3n, continuando alojado en dependencia.-\u00a0<\/p>\n","protected":false},"excerpt":{"rendered":"<p>Este viernes en horas de la noche el personal policial en Av. 11 de Septiembre y Casella, traslada a ciudadano de 25 a\u00f1os, quien tras intentar evadir control policial se lo identifica constat\u00e1ndose que mismo posee pedido de captura activa desde el d\u00eda 03 de mayo de 2021 impuesta por Trib CRIM. N\u00b0 2 SN [&hellip;]<\/p>\n","protected":false},"author":4,"featured_media":97080,"comment_status":"closed","ping_status":"closed","sticky":false,"template":"","format":"standard","meta":{"om_disable_all_campaigns":false,"_jetpack_memberships_contains_paid_content":false,"footnotes":""},"categories":[101,2],"tags":[],"class_list":["post-97079","post","type-post","status-publish","format-standard","has-post-thumbnail","hentry","category-interes-general-locales","category-locales"],"aioseo_notices":[],"gutentor_comment":0,"jetpack_featured_media_url":"https:\/\/eldiariodesanpedro.com.ar\/sitio\/wp-content\/uploads\/2021\/08\/WhatsApp-Image-2021-08-07-at-10.09.07.jpeg","jetpack_shortlink":"https:\/\/wp.me\/p6RhLt-pfN","jetpack_sharing_enabled":true,"_links":{"self":[{"href":"https:\/\/eldiariodesanpedro.com.ar\/sitio\/wp-json\/wp\/v2\/posts\/97079","targetHints":{"allow":["GET"]}}],"collection":[{"href":"https:\/\/eldiariodesanpedro.com.ar\/sitio\/wp-json\/wp\/v2\/posts"}],"about":[{"href":"https:\/\/eldiariodesanpedro.com.ar\/sitio\/wp-json\/wp\/v2\/types\/post"}],"author":[{"embeddable":true,"href":"https:\/\/eldiariodesanpedro.com.ar\/sitio\/wp-json\/wp\/v2\/users\/4"}],"replies":[{"embeddable":true,"href":"https:\/\/eldiariodesanpedro.com.ar\/sitio\/wp-json\/wp\/v2\/comments?post=97079"}],"version-history":[{"count":1,"href":"https:\/\/eldiariodesanpedro.com.ar\/sitio\/wp-json\/wp\/v2\/posts\/97079\/revisions"}],"predecessor-version":[{"id":97081,"href":"https:\/\/eldiariodesanpedro.com.ar\/sitio\/wp-json\/wp\/v2\/posts\/97079\/revisions\/97081"}],"wp:featuredmedia":[{"embeddable":true,"href":"https:\/\/eldiariodesanpedro.com.ar\/sitio\/wp-json\/wp\/v2\/media\/97080"}],"wp:attachment":[{"href":"https:\/\/eldiariodesanpedro.com.ar\/sitio\/wp-json\/wp\/v2\/media?parent=97079"}],"wp:term":[{"taxonomy":"category","embeddable":true,"href":"https:\/\/eldiariodesanpedro.com.ar\/sitio\/wp-json\/wp\/v2\/categories?post=97079"},{"taxonomy":"post_tag","embeddable":true,"href":"https:\/\/eldiariodesanpedro.com.ar\/sitio\/wp-json\/wp\/v2\/tags?post=97079"}],"curies":[{"name":"wp","href":"https:\/\/api.w.org\/{rel}","templated":true}]}}