{"id":97048,"date":"2021-08-06T17:02:31","date_gmt":"2021-08-06T20:02:31","guid":{"rendered":"https:\/\/eldiariodesanpedro.com.ar\/sitio\/?p=97048"},"modified":"2021-08-06T17:04:50","modified_gmt":"2021-08-06T20:04:50","slug":"toyota-argentina-publico-la-busqueda-de-operarios-con-secundario-completo-como-cargar-el-cv-y-postularse","status":"publish","type":"post","link":"https:\/\/eldiariodesanpedro.com.ar\/sitio\/toyota-argentina-publico-la-busqueda-de-operarios-con-secundario-completo-como-cargar-el-cv-y-postularse\/","title":{"rendered":"Toyota Argentina public\u00f3 la b\u00fasqueda de operarios con secundario completo: c\u00f3mo cargar el CV y postularse"},"content":{"rendered":"<!-- VideographyWP Plugin Message: Automatic video embedding prevented by plugin options. -->\n\n<p>Una semana despu\u00e9s de que&nbsp;<strong>Toyota Argentina<\/strong>&nbsp;dijera que estaba teniendo problemas para conseguir a 200 postulantes con secundario completo para trabajar en su planta de&nbsp;<strong>Z\u00e1rate<\/strong>, la automotriz japonesa public\u00f3 en su web oficial la b\u00fasqueda de operarios.<\/p>\n\n\n\n<p>A pedido de varios lectores, se publica ac\u00e1 abajo el instructivo para cargar la postulaci\u00f3n y el CV para esta b\u00fasqueda laboral.<\/p>\n\n\n\n<p><em>\u201cDurante la pandemia tomamos 500 personas m\u00e1s para reemplazar a los ausentes por cuestiones de salud o edad y queremos tomar otras 200, por algunos proyectos que tenemos a futuro\u201d<\/em>, hab\u00eda dicho el jueves pasado el presidente de Toyota Argentina,\u00a0<strong>Daniel Herrero\u00a0<\/strong><\/p>\n\n\n\n<p><em>\u201cPero se nos hace dif\u00edcil en nuestra \u00e1rea geogr\u00e1fica encontrar esas 200 personas con secundario completo, porque en Buenos Aires se perdi\u00f3 el valor de un secundario. Y se les hace dif\u00edcil hasta leer un diario. Tenemos que trabajar, con nuestra responsabilidad social, en la educaci\u00f3n de la Argentina hacia el futuro\u201d<\/em>, agreg\u00f3 el ejecutivo, que tambi\u00e9n es presidente de la entidad que agrupa a los fabricantes de autos de Argentina (<strong>Adefa<\/strong>).<\/p>\n\n\n\n<p>La b\u00fasqueda de Operarios de Toyota Argentina ahora est\u00e1 disponible en la web&nbsp;<strong>Workday<\/strong>, con la siguiente descripci\u00f3n.<\/p>\n\n\n\n<p><strong>* Lugar de trabajo:<\/strong>&nbsp;Z\u00e1rate<br><strong>* Dedicaci\u00f3n:<\/strong>&nbsp;Tiempo completo<br><strong>* Descripci\u00f3n del puesto:<\/strong>&nbsp;Operarios para trabajar en nuestra Planta de Zarate.<br><strong>* Calificaciones requeridas:<\/strong>&nbsp;Graduado en Secundario Bachiller (obligatorio)<br><strong>* Otras calificaciones (no excluyentes):<\/strong>&nbsp;Experiencia Profesional, Funciones \/ Responsabilidades, Habilidades.<\/p>\n\n\n\n<p><strong>* Declaraci\u00f3n de la empresa a los postulantes:<\/strong>&nbsp;\u201c\u00bfPor qu\u00e9 formar parte de Toyota Argentina? Toyota cree en la capacidad del talento humano para construir y desarrollar nuevos productos y soluciones que permitan alcanzar el m\u00e1ximo potencial. Nuestro desaf\u00edo es convertirnos en una empresa de movilidad que sea fuente de inspiraci\u00f3n para las personas que forman parte de ella. Al sumarte a nuestro equipo tendr\u00e1s la oportunidad de: Trabajar y aprender en un entorno desafiante. Ser parte de un equipo apasionado y comprometido. Formar parte de proyectos que requieren talento e innovaci\u00f3n\u201d.<\/p>\n\n\n\n<p>***<\/p>\n\n\n\n<p><strong>Publicaci\u00f3n de Toyota Argentina<\/strong><br>T\u00e9rminos y condiciones para el puesto de Operario en Toyota Argentina<\/p>\n\n\n\n<p>Toyota Argentina S.A. protege la privacidad de la informaci\u00f3n suministrada de acuerdo a las normas nacionales y a sus pol\u00edticas y procedimientos internos de protecci\u00f3n de datos.<\/p>\n\n\n\n<p><strong>1)<\/strong>&nbsp;Recolecci\u00f3n y uso de la Informaci\u00f3n personal<br>La informaci\u00f3n personal que usted brinde ser\u00e1 usada para comparar sus habilidades e intereses con los requisitos de los puestos de TOYOTA y para contactarlo e identificarlo a lo largo del proceso de selecci\u00f3n. La informaci\u00f3n suministrada, podr\u00e1 ser cedida \u00fanicamente a proveedores de servicios de selecci\u00f3n de TOYOTA. Sin perjuicio de ello, TOYOTA podr\u00e1 divulgar cierta informaci\u00f3n suministrada ante imposici\u00f3n Legal o requerimiento judicial o del Gobierno.<\/p>\n\n\n\n<p><strong>2)<\/strong>&nbsp;Seguridad de la informaci\u00f3n personal<br>TOYOTA realizar\u00e1 sus mayores esfuerzos para salvaguardar su informaci\u00f3n personal, tomando las medidas t\u00e9cnicas y de organizaci\u00f3n razonables para que dicha informaci\u00f3n no sea apropiada indebidamente. Se deja constancia de que la transmisi\u00f3n de datos a trav\u00e9s de los sistemas de almacenamiento de Internet as\u00ed como los sistemas de guarda de datos no son 100% seguros, por lo tanto, ninguna empresa puede proteger perfectamente la informaci\u00f3n personal.<\/p>\n\n\n\n<p><strong>3)<\/strong>&nbsp;Acceso y actualizaci\u00f3n de informaci\u00f3n personal<br>Si deseara revisar, corregir, actualizar, eliminar o limitar el uso por parte de TOYOTA de la informaci\u00f3n personal suministrada, Usted puede comunicarse con Ariel Real<\/p>\n\n\n\n<p><strong>4)<\/strong>&nbsp;Transferencia de datos personales entre pa\u00edses<br>Su informaci\u00f3n personal puede ser almacenada y procesada en cualquier pa\u00eds en el que existieran subsidiarias de TOYOTA y\/o en los que se hubieran contratado proveedores de servicios de selecci\u00f3n. Al ingresar sus datos en este sitio, Ud. brinda su consentimiento para la eventual transferencia de su informaci\u00f3n personal a pa\u00edses que pudieran no tener las mismas leyes de protecci\u00f3n de datos.<\/p>\n\n\n\n<p><strong>5)<\/strong>&nbsp;Informaci\u00f3n Sensible<br>TOYOTA no recoge o procesa ninguna informaci\u00f3n personal sensible (por ejemplo, informaci\u00f3n relativa a la religi\u00f3n, origen \u00e9tnico racial, las opiniones pol\u00edticas u otras creencias, afiliaci\u00f3n sindical, salud, sexualidad, actas administrativas o sanciones penales) como parte de nuestro proceso de contrataci\u00f3n, por lo tanto, le pedimos que no divulgue ni env\u00ede esta informaci\u00f3n a trav\u00e9s de nuestra p\u00e1gina web o directamente a TOYOTA.<\/p>\n\n\n\n<p><strong>6)<\/strong>&nbsp;Sin contrato<br>Esta declaraci\u00f3n de privacidad no constituye un contrato entre TOYOTA y ning\u00fan solicitante de empleo.<\/p>\n\n\n\n<p><strong>Declaraci\u00f3n de consentimiento del empleado<\/strong><\/p>\n\n\n\n<p>Con base en lo anterior, al seleccionar \u201cAcepto\u201d, presto mi consentimiento expl\u00edcito para la recopilaci\u00f3n, transferencia, almacenamiento y uso de mi informaci\u00f3n personal por parte de TOYOTA ARGENTINA S.A., con oficinas en Av Eduardo madero 1020, 5to. Piso de la Ciudad de Buenos Aires. Entiendo que mi informaci\u00f3n personal ser\u00e1 protegida de acuerdo a la Ley N \u00b0 25.326. Entiendo que la informaci\u00f3n suministrada podr\u00eda ser divulgada a las subsidiarias y proveedores de TOYOTA ARGENTINA S.A., \u00fanicamente con el fin de proporcionar servicios de selecci\u00f3n de personal. Soy consciente de que las subsidiarias de TOYOTA y sus proveedores pueden tener sede en pa\u00edses que no tienen las mismas leyes de protecci\u00f3n de datos que mi pa\u00eds.<\/p>\n\n\n\n<p>Entiendo que tengo el derecho de revocar mi consentimiento en cualquier momento, as\u00ed como tambi\u00e9n a tener acceso a mi informaci\u00f3n personal de forma gratuita cada seis meses y \/ o en un per\u00edodo de tiempo m\u00e1s corto en el caso del p\u00e1rrafo 14, Ley N \u00b0 25.326,y de eliminar y \/ o bloquear mi nombre de la base de datos mencionada.<\/p>\n\n\n\n<p><strong>C\u00f3mo postularse y cargar el CV<\/strong><br><strong>Paso a paso<\/strong><\/p>\n\n\n\n<figure class=\"wp-block-image size-large\"><img decoding=\"async\" width=\"1024\" height=\"576\" data-attachment-id=\"97049\" data-permalink=\"https:\/\/eldiariodesanpedro.com.ar\/sitio\/toyota-argentina-publico-la-busqueda-de-operarios-con-secundario-completo-como-cargar-el-cv-y-postularse\/toyota2\/\" data-orig-file=\"https:\/\/eldiariodesanpedro.com.ar\/sitio\/wp-content\/uploads\/2021\/08\/TOYOTA2.jpg\" data-orig-size=\"1366,768\" data-comments-opened=\"0\" data-image-meta=\"{&quot;aperture&quot;:&quot;0&quot;,&quot;credit&quot;:&quot;&quot;,&quot;camera&quot;:&quot;&quot;,&quot;caption&quot;:&quot;&quot;,&quot;created_timestamp&quot;:&quot;0&quot;,&quot;copyright&quot;:&quot;&quot;,&quot;focal_length&quot;:&quot;0&quot;,&quot;iso&quot;:&quot;0&quot;,&quot;shutter_speed&quot;:&quot;0&quot;,&quot;title&quot;:&quot;&quot;,&quot;orientation&quot;:&quot;1&quot;}\" data-image-title=\"TOYOTA2\" data-image-description=\"\" data-image-caption=\"\" data-large-file=\"https:\/\/eldiariodesanpedro.com.ar\/sitio\/wp-content\/uploads\/2021\/08\/TOYOTA2-1024x576.jpg\" data-src=\"https:\/\/eldiariodesanpedro.com.ar\/sitio\/wp-content\/uploads\/2021\/08\/TOYOTA2-1024x576.jpg\" alt=\"\" class=\"wp-image-97049 lazyload\" data-srcset=\"https:\/\/eldiariodesanpedro.com.ar\/sitio\/wp-content\/uploads\/2021\/08\/TOYOTA2-1024x576.jpg 1024w, https:\/\/eldiariodesanpedro.com.ar\/sitio\/wp-content\/uploads\/2021\/08\/TOYOTA2-300x169.jpg 300w, https:\/\/eldiariodesanpedro.com.ar\/sitio\/wp-content\/uploads\/2021\/08\/TOYOTA2-768x432.jpg 768w, https:\/\/eldiariodesanpedro.com.ar\/sitio\/wp-content\/uploads\/2021\/08\/TOYOTA2-800x450.jpg 800w, https:\/\/eldiariodesanpedro.com.ar\/sitio\/wp-content\/uploads\/2021\/08\/TOYOTA2.jpg 1366w\" data-sizes=\"(max-width: 1024px) 100vw, 1024px\" src=\"data:image\/svg+xml;base64,PHN2ZyB3aWR0aD0iMSIgaGVpZ2h0PSIxIiB4bWxucz0iaHR0cDovL3d3dy53My5vcmcvMjAwMC9zdmciPjwvc3ZnPg==\" style=\"--smush-placeholder-width: 1024px; --smush-placeholder-aspect-ratio: 1024\/576;\" \/><\/figure>\n\n\n\n<p><a href=\"https:\/\/autoblog.com.ar\/2021\/08\/06\/toyota-argentina-publico-la-busqueda-de-operarios-con-secundario-completo-como-cargar-el-cv-y-postularse\/toyota2-32\/\"><\/a><strong>Click en todas las im\u00e1genes para verlas en alta resoluci\u00f3n. Ingresar en la cuenta que Toyota Argentina tiene en la web WorkDay: en&nbsp;<a href=\"https:\/\/toyota.wd5.myworkdayjobs.com\/TASA\" target=\"_blank\" rel=\"noreferrer noopener\">este link<\/a>.<\/strong><\/p>\n\n\n\n<figure class=\"wp-block-image size-large\"><img decoding=\"async\" width=\"1024\" height=\"576\" data-attachment-id=\"97050\" data-permalink=\"https:\/\/eldiariodesanpedro.com.ar\/sitio\/toyota-argentina-publico-la-busqueda-de-operarios-con-secundario-completo-como-cargar-el-cv-y-postularse\/toyota3\/\" data-orig-file=\"https:\/\/eldiariodesanpedro.com.ar\/sitio\/wp-content\/uploads\/2021\/08\/TOYOTA3.jpg\" data-orig-size=\"1366,768\" data-comments-opened=\"0\" data-image-meta=\"{&quot;aperture&quot;:&quot;0&quot;,&quot;credit&quot;:&quot;&quot;,&quot;camera&quot;:&quot;&quot;,&quot;caption&quot;:&quot;&quot;,&quot;created_timestamp&quot;:&quot;0&quot;,&quot;copyright&quot;:&quot;&quot;,&quot;focal_length&quot;:&quot;0&quot;,&quot;iso&quot;:&quot;0&quot;,&quot;shutter_speed&quot;:&quot;0&quot;,&quot;title&quot;:&quot;&quot;,&quot;orientation&quot;:&quot;1&quot;}\" data-image-title=\"TOYOTA3\" data-image-description=\"\" data-image-caption=\"\" data-large-file=\"https:\/\/eldiariodesanpedro.com.ar\/sitio\/wp-content\/uploads\/2021\/08\/TOYOTA3-1024x576.jpg\" data-src=\"https:\/\/eldiariodesanpedro.com.ar\/sitio\/wp-content\/uploads\/2021\/08\/TOYOTA3-1024x576.jpg\" alt=\"\" class=\"wp-image-97050 lazyload\" data-srcset=\"https:\/\/eldiariodesanpedro.com.ar\/sitio\/wp-content\/uploads\/2021\/08\/TOYOTA3-1024x576.jpg 1024w, https:\/\/eldiariodesanpedro.com.ar\/sitio\/wp-content\/uploads\/2021\/08\/TOYOTA3-300x169.jpg 300w, https:\/\/eldiariodesanpedro.com.ar\/sitio\/wp-content\/uploads\/2021\/08\/TOYOTA3-768x432.jpg 768w, https:\/\/eldiariodesanpedro.com.ar\/sitio\/wp-content\/uploads\/2021\/08\/TOYOTA3-800x450.jpg 800w, https:\/\/eldiariodesanpedro.com.ar\/sitio\/wp-content\/uploads\/2021\/08\/TOYOTA3.jpg 1366w\" data-sizes=\"(max-width: 1024px) 100vw, 1024px\" src=\"data:image\/svg+xml;base64,PHN2ZyB3aWR0aD0iMSIgaGVpZ2h0PSIxIiB4bWxucz0iaHR0cDovL3d3dy53My5vcmcvMjAwMC9zdmciPjwvc3ZnPg==\" style=\"--smush-placeholder-width: 1024px; --smush-placeholder-aspect-ratio: 1024\/576;\" \/><\/figure>\n\n\n\n<p><a href=\"https:\/\/autoblog.com.ar\/2021\/08\/06\/toyota-argentina-publico-la-busqueda-de-operarios-con-secundario-completo-como-cargar-el-cv-y-postularse\/toyota3-20\/\"><\/a><strong>Seleccionar la b\u00fasqueda de Operarios.<\/strong><\/p>\n\n\n\n<figure class=\"wp-block-image size-large\"><img decoding=\"async\" width=\"1024\" height=\"576\" data-attachment-id=\"97051\" data-permalink=\"https:\/\/eldiariodesanpedro.com.ar\/sitio\/toyota-argentina-publico-la-busqueda-de-operarios-con-secundario-completo-como-cargar-el-cv-y-postularse\/toyota4\/\" data-orig-file=\"https:\/\/eldiariodesanpedro.com.ar\/sitio\/wp-content\/uploads\/2021\/08\/TOYOTA4.jpg\" data-orig-size=\"1366,768\" data-comments-opened=\"0\" data-image-meta=\"{&quot;aperture&quot;:&quot;0&quot;,&quot;credit&quot;:&quot;&quot;,&quot;camera&quot;:&quot;&quot;,&quot;caption&quot;:&quot;&quot;,&quot;created_timestamp&quot;:&quot;0&quot;,&quot;copyright&quot;:&quot;&quot;,&quot;focal_length&quot;:&quot;0&quot;,&quot;iso&quot;:&quot;0&quot;,&quot;shutter_speed&quot;:&quot;0&quot;,&quot;title&quot;:&quot;&quot;,&quot;orientation&quot;:&quot;1&quot;}\" data-image-title=\"TOYOTA4\" data-image-description=\"\" data-image-caption=\"\" data-large-file=\"https:\/\/eldiariodesanpedro.com.ar\/sitio\/wp-content\/uploads\/2021\/08\/TOYOTA4-1024x576.jpg\" data-src=\"https:\/\/eldiariodesanpedro.com.ar\/sitio\/wp-content\/uploads\/2021\/08\/TOYOTA4-1024x576.jpg\" alt=\"\" class=\"wp-image-97051 lazyload\" data-srcset=\"https:\/\/eldiariodesanpedro.com.ar\/sitio\/wp-content\/uploads\/2021\/08\/TOYOTA4-1024x576.jpg 1024w, https:\/\/eldiariodesanpedro.com.ar\/sitio\/wp-content\/uploads\/2021\/08\/TOYOTA4-300x169.jpg 300w, https:\/\/eldiariodesanpedro.com.ar\/sitio\/wp-content\/uploads\/2021\/08\/TOYOTA4-768x432.jpg 768w, https:\/\/eldiariodesanpedro.com.ar\/sitio\/wp-content\/uploads\/2021\/08\/TOYOTA4-800x450.jpg 800w, https:\/\/eldiariodesanpedro.com.ar\/sitio\/wp-content\/uploads\/2021\/08\/TOYOTA4.jpg 1366w\" data-sizes=\"(max-width: 1024px) 100vw, 1024px\" src=\"data:image\/svg+xml;base64,PHN2ZyB3aWR0aD0iMSIgaGVpZ2h0PSIxIiB4bWxucz0iaHR0cDovL3d3dy53My5vcmcvMjAwMC9zdmciPjwvc3ZnPg==\" style=\"--smush-placeholder-width: 1024px; --smush-placeholder-aspect-ratio: 1024\/576;\" \/><\/figure>\n\n\n\n<p><a href=\"https:\/\/autoblog.com.ar\/2021\/08\/06\/toyota-argentina-publico-la-busqueda-de-operarios-con-secundario-completo-como-cargar-el-cv-y-postularse\/toyota4-19\/\"><\/a><strong>Conectar (para quienes ya tienen usuario).<\/strong><\/p>\n\n\n\n<figure class=\"wp-block-image size-large\"><img decoding=\"async\" width=\"1024\" height=\"576\" data-attachment-id=\"97052\" data-permalink=\"https:\/\/eldiariodesanpedro.com.ar\/sitio\/toyota-argentina-publico-la-busqueda-de-operarios-con-secundario-completo-como-cargar-el-cv-y-postularse\/toyota6\/\" data-orig-file=\"https:\/\/eldiariodesanpedro.com.ar\/sitio\/wp-content\/uploads\/2021\/08\/TOYOTA6.jpg\" data-orig-size=\"1366,768\" data-comments-opened=\"0\" data-image-meta=\"{&quot;aperture&quot;:&quot;0&quot;,&quot;credit&quot;:&quot;&quot;,&quot;camera&quot;:&quot;&quot;,&quot;caption&quot;:&quot;&quot;,&quot;created_timestamp&quot;:&quot;0&quot;,&quot;copyright&quot;:&quot;&quot;,&quot;focal_length&quot;:&quot;0&quot;,&quot;iso&quot;:&quot;0&quot;,&quot;shutter_speed&quot;:&quot;0&quot;,&quot;title&quot;:&quot;&quot;,&quot;orientation&quot;:&quot;1&quot;}\" data-image-title=\"TOYOTA6\" data-image-description=\"\" data-image-caption=\"\" data-large-file=\"https:\/\/eldiariodesanpedro.com.ar\/sitio\/wp-content\/uploads\/2021\/08\/TOYOTA6-1024x576.jpg\" data-src=\"https:\/\/eldiariodesanpedro.com.ar\/sitio\/wp-content\/uploads\/2021\/08\/TOYOTA6-1024x576.jpg\" alt=\"\" class=\"wp-image-97052 lazyload\" data-srcset=\"https:\/\/eldiariodesanpedro.com.ar\/sitio\/wp-content\/uploads\/2021\/08\/TOYOTA6-1024x576.jpg 1024w, https:\/\/eldiariodesanpedro.com.ar\/sitio\/wp-content\/uploads\/2021\/08\/TOYOTA6-300x169.jpg 300w, https:\/\/eldiariodesanpedro.com.ar\/sitio\/wp-content\/uploads\/2021\/08\/TOYOTA6-768x432.jpg 768w, https:\/\/eldiariodesanpedro.com.ar\/sitio\/wp-content\/uploads\/2021\/08\/TOYOTA6-800x450.jpg 800w, https:\/\/eldiariodesanpedro.com.ar\/sitio\/wp-content\/uploads\/2021\/08\/TOYOTA6.jpg 1366w\" data-sizes=\"(max-width: 1024px) 100vw, 1024px\" src=\"data:image\/svg+xml;base64,PHN2ZyB3aWR0aD0iMSIgaGVpZ2h0PSIxIiB4bWxucz0iaHR0cDovL3d3dy53My5vcmcvMjAwMC9zdmciPjwvc3ZnPg==\" style=\"--smush-placeholder-width: 1024px; --smush-placeholder-aspect-ratio: 1024\/576;\" \/><\/figure>\n\n\n\n<p><a href=\"https:\/\/autoblog.com.ar\/2021\/08\/06\/toyota-argentina-publico-la-busqueda-de-operarios-con-secundario-completo-como-cargar-el-cv-y-postularse\/toyota5-14\/\"><\/a><strong>O crear una cuenta (para quienes no tienen usuario).<\/strong><\/p>\n\n\n\n<p><a href=\"https:\/\/autoblog.com.ar\/2021\/08\/06\/toyota-argentina-publico-la-busqueda-de-operarios-con-secundario-completo-como-cargar-el-cv-y-postularse\/toyota6-9\/\"><\/a><strong>La clave del usuario tiene que cumplir con todas las condiciones mencionadas en la imagen. El email mostrado en la imagen es de ejemplo, usar el mail personal de contacto.<\/strong><\/p>\n\n\n\n<figure class=\"wp-block-image size-large\"><img decoding=\"async\" width=\"1024\" height=\"576\" data-attachment-id=\"97053\" data-permalink=\"https:\/\/eldiariodesanpedro.com.ar\/sitio\/toyota-argentina-publico-la-busqueda-de-operarios-con-secundario-completo-como-cargar-el-cv-y-postularse\/toyota7\/\" data-orig-file=\"https:\/\/eldiariodesanpedro.com.ar\/sitio\/wp-content\/uploads\/2021\/08\/TOYOTA7.jpg\" data-orig-size=\"1366,768\" data-comments-opened=\"0\" data-image-meta=\"{&quot;aperture&quot;:&quot;0&quot;,&quot;credit&quot;:&quot;&quot;,&quot;camera&quot;:&quot;&quot;,&quot;caption&quot;:&quot;&quot;,&quot;created_timestamp&quot;:&quot;0&quot;,&quot;copyright&quot;:&quot;&quot;,&quot;focal_length&quot;:&quot;0&quot;,&quot;iso&quot;:&quot;0&quot;,&quot;shutter_speed&quot;:&quot;0&quot;,&quot;title&quot;:&quot;&quot;,&quot;orientation&quot;:&quot;1&quot;}\" data-image-title=\"TOYOTA7\" data-image-description=\"\" data-image-caption=\"\" data-large-file=\"https:\/\/eldiariodesanpedro.com.ar\/sitio\/wp-content\/uploads\/2021\/08\/TOYOTA7-1024x576.jpg\" data-src=\"https:\/\/eldiariodesanpedro.com.ar\/sitio\/wp-content\/uploads\/2021\/08\/TOYOTA7-1024x576.jpg\" alt=\"\" class=\"wp-image-97053 lazyload\" data-srcset=\"https:\/\/eldiariodesanpedro.com.ar\/sitio\/wp-content\/uploads\/2021\/08\/TOYOTA7-1024x576.jpg 1024w, https:\/\/eldiariodesanpedro.com.ar\/sitio\/wp-content\/uploads\/2021\/08\/TOYOTA7-300x169.jpg 300w, https:\/\/eldiariodesanpedro.com.ar\/sitio\/wp-content\/uploads\/2021\/08\/TOYOTA7-768x432.jpg 768w, https:\/\/eldiariodesanpedro.com.ar\/sitio\/wp-content\/uploads\/2021\/08\/TOYOTA7-800x450.jpg 800w, https:\/\/eldiariodesanpedro.com.ar\/sitio\/wp-content\/uploads\/2021\/08\/TOYOTA7.jpg 1366w\" data-sizes=\"(max-width: 1024px) 100vw, 1024px\" src=\"data:image\/svg+xml;base64,PHN2ZyB3aWR0aD0iMSIgaGVpZ2h0PSIxIiB4bWxucz0iaHR0cDovL3d3dy53My5vcmcvMjAwMC9zdmciPjwvc3ZnPg==\" style=\"--smush-placeholder-width: 1024px; --smush-placeholder-aspect-ratio: 1024\/576;\" \/><\/figure>\n\n\n\n<p><a href=\"https:\/\/autoblog.com.ar\/2021\/08\/06\/toyota-argentina-publico-la-busqueda-de-operarios-con-secundario-completo-como-cargar-el-cv-y-postularse\/toyota7-10\/\"><\/a><strong>Cargar el Curriculum Vitae (CV) en estos formatos. No admite la carga en formato de im\u00e1genes.<\/strong><\/p>\n\n\n\n<figure class=\"wp-block-image size-large\"><img decoding=\"async\" width=\"1024\" height=\"576\" data-attachment-id=\"97058\" data-permalink=\"https:\/\/eldiariodesanpedro.com.ar\/sitio\/toyota-argentina-publico-la-busqueda-de-operarios-con-secundario-completo-como-cargar-el-cv-y-postularse\/toyota8\/\" data-orig-file=\"https:\/\/eldiariodesanpedro.com.ar\/sitio\/wp-content\/uploads\/2021\/08\/TOYOTA8.jpg\" data-orig-size=\"1366,768\" data-comments-opened=\"0\" data-image-meta=\"{&quot;aperture&quot;:&quot;0&quot;,&quot;credit&quot;:&quot;&quot;,&quot;camera&quot;:&quot;&quot;,&quot;caption&quot;:&quot;&quot;,&quot;created_timestamp&quot;:&quot;0&quot;,&quot;copyright&quot;:&quot;&quot;,&quot;focal_length&quot;:&quot;0&quot;,&quot;iso&quot;:&quot;0&quot;,&quot;shutter_speed&quot;:&quot;0&quot;,&quot;title&quot;:&quot;&quot;,&quot;orientation&quot;:&quot;1&quot;}\" data-image-title=\"TOYOTA8\" data-image-description=\"\" data-image-caption=\"\" data-large-file=\"https:\/\/eldiariodesanpedro.com.ar\/sitio\/wp-content\/uploads\/2021\/08\/TOYOTA8-1024x576.jpg\" data-src=\"https:\/\/eldiariodesanpedro.com.ar\/sitio\/wp-content\/uploads\/2021\/08\/TOYOTA8-1024x576.jpg\" alt=\"\" class=\"wp-image-97058 lazyload\" data-srcset=\"https:\/\/eldiariodesanpedro.com.ar\/sitio\/wp-content\/uploads\/2021\/08\/TOYOTA8-1024x576.jpg 1024w, https:\/\/eldiariodesanpedro.com.ar\/sitio\/wp-content\/uploads\/2021\/08\/TOYOTA8-300x169.jpg 300w, https:\/\/eldiariodesanpedro.com.ar\/sitio\/wp-content\/uploads\/2021\/08\/TOYOTA8-768x432.jpg 768w, https:\/\/eldiariodesanpedro.com.ar\/sitio\/wp-content\/uploads\/2021\/08\/TOYOTA8-800x450.jpg 800w, https:\/\/eldiariodesanpedro.com.ar\/sitio\/wp-content\/uploads\/2021\/08\/TOYOTA8.jpg 1366w\" data-sizes=\"(max-width: 1024px) 100vw, 1024px\" src=\"data:image\/svg+xml;base64,PHN2ZyB3aWR0aD0iMSIgaGVpZ2h0PSIxIiB4bWxucz0iaHR0cDovL3d3dy53My5vcmcvMjAwMC9zdmciPjwvc3ZnPg==\" style=\"--smush-placeholder-width: 1024px; --smush-placeholder-aspect-ratio: 1024\/576;\" \/><\/figure>\n\n\n\n<p><a href=\"https:\/\/autoblog.com.ar\/2021\/08\/06\/toyota-argentina-publico-la-busqueda-de-operarios-con-secundario-completo-como-cargar-el-cv-y-postularse\/toyota8-6\/\"><\/a><strong>El sistema indicar\u00e1 si el archivo se carg\u00f3 de manera correcta.<\/strong><\/p>\n\n\n\n<figure class=\"wp-block-image size-large\"><img decoding=\"async\" width=\"1024\" height=\"576\" data-attachment-id=\"97054\" data-permalink=\"https:\/\/eldiariodesanpedro.com.ar\/sitio\/toyota-argentina-publico-la-busqueda-de-operarios-con-secundario-completo-como-cargar-el-cv-y-postularse\/toyota9\/\" data-orig-file=\"https:\/\/eldiariodesanpedro.com.ar\/sitio\/wp-content\/uploads\/2021\/08\/TOYOTA9.jpg\" data-orig-size=\"1366,768\" data-comments-opened=\"0\" data-image-meta=\"{&quot;aperture&quot;:&quot;0&quot;,&quot;credit&quot;:&quot;&quot;,&quot;camera&quot;:&quot;&quot;,&quot;caption&quot;:&quot;&quot;,&quot;created_timestamp&quot;:&quot;0&quot;,&quot;copyright&quot;:&quot;&quot;,&quot;focal_length&quot;:&quot;0&quot;,&quot;iso&quot;:&quot;0&quot;,&quot;shutter_speed&quot;:&quot;0&quot;,&quot;title&quot;:&quot;&quot;,&quot;orientation&quot;:&quot;1&quot;}\" data-image-title=\"TOYOTA9\" data-image-description=\"\" data-image-caption=\"\" data-large-file=\"https:\/\/eldiariodesanpedro.com.ar\/sitio\/wp-content\/uploads\/2021\/08\/TOYOTA9-1024x576.jpg\" data-src=\"https:\/\/eldiariodesanpedro.com.ar\/sitio\/wp-content\/uploads\/2021\/08\/TOYOTA9-1024x576.jpg\" alt=\"\" class=\"wp-image-97054 lazyload\" data-srcset=\"https:\/\/eldiariodesanpedro.com.ar\/sitio\/wp-content\/uploads\/2021\/08\/TOYOTA9-1024x576.jpg 1024w, https:\/\/eldiariodesanpedro.com.ar\/sitio\/wp-content\/uploads\/2021\/08\/TOYOTA9-300x169.jpg 300w, https:\/\/eldiariodesanpedro.com.ar\/sitio\/wp-content\/uploads\/2021\/08\/TOYOTA9-768x432.jpg 768w, https:\/\/eldiariodesanpedro.com.ar\/sitio\/wp-content\/uploads\/2021\/08\/TOYOTA9-800x450.jpg 800w, https:\/\/eldiariodesanpedro.com.ar\/sitio\/wp-content\/uploads\/2021\/08\/TOYOTA9.jpg 1366w\" data-sizes=\"(max-width: 1024px) 100vw, 1024px\" src=\"data:image\/svg+xml;base64,PHN2ZyB3aWR0aD0iMSIgaGVpZ2h0PSIxIiB4bWxucz0iaHR0cDovL3d3dy53My5vcmcvMjAwMC9zdmciPjwvc3ZnPg==\" style=\"--smush-placeholder-width: 1024px; --smush-placeholder-aspect-ratio: 1024\/576;\" \/><\/figure>\n\n\n\n<p><a href=\"https:\/\/autoblog.com.ar\/2021\/08\/06\/toyota-argentina-publico-la-busqueda-de-operarios-con-secundario-completo-como-cargar-el-cv-y-postularse\/toyota9-4\/\"><\/a><strong>Cargar los datos personales.<\/strong><\/p>\n\n\n\n<figure class=\"wp-block-image size-large\"><img decoding=\"async\" width=\"1024\" height=\"576\" data-attachment-id=\"97055\" data-permalink=\"https:\/\/eldiariodesanpedro.com.ar\/sitio\/toyota-argentina-publico-la-busqueda-de-operarios-con-secundario-completo-como-cargar-el-cv-y-postularse\/toyota10\/\" data-orig-file=\"https:\/\/eldiariodesanpedro.com.ar\/sitio\/wp-content\/uploads\/2021\/08\/TOYOTA10.jpg\" data-orig-size=\"1366,768\" data-comments-opened=\"0\" data-image-meta=\"{&quot;aperture&quot;:&quot;0&quot;,&quot;credit&quot;:&quot;&quot;,&quot;camera&quot;:&quot;&quot;,&quot;caption&quot;:&quot;&quot;,&quot;created_timestamp&quot;:&quot;0&quot;,&quot;copyright&quot;:&quot;&quot;,&quot;focal_length&quot;:&quot;0&quot;,&quot;iso&quot;:&quot;0&quot;,&quot;shutter_speed&quot;:&quot;0&quot;,&quot;title&quot;:&quot;&quot;,&quot;orientation&quot;:&quot;1&quot;}\" data-image-title=\"TOYOTA10\" data-image-description=\"\" data-image-caption=\"\" data-large-file=\"https:\/\/eldiariodesanpedro.com.ar\/sitio\/wp-content\/uploads\/2021\/08\/TOYOTA10-1024x576.jpg\" data-src=\"https:\/\/eldiariodesanpedro.com.ar\/sitio\/wp-content\/uploads\/2021\/08\/TOYOTA10-1024x576.jpg\" alt=\"\" class=\"wp-image-97055 lazyload\" data-srcset=\"https:\/\/eldiariodesanpedro.com.ar\/sitio\/wp-content\/uploads\/2021\/08\/TOYOTA10-1024x576.jpg 1024w, https:\/\/eldiariodesanpedro.com.ar\/sitio\/wp-content\/uploads\/2021\/08\/TOYOTA10-300x169.jpg 300w, https:\/\/eldiariodesanpedro.com.ar\/sitio\/wp-content\/uploads\/2021\/08\/TOYOTA10-768x432.jpg 768w, https:\/\/eldiariodesanpedro.com.ar\/sitio\/wp-content\/uploads\/2021\/08\/TOYOTA10-800x450.jpg 800w, https:\/\/eldiariodesanpedro.com.ar\/sitio\/wp-content\/uploads\/2021\/08\/TOYOTA10.jpg 1366w\" data-sizes=\"(max-width: 1024px) 100vw, 1024px\" src=\"data:image\/svg+xml;base64,PHN2ZyB3aWR0aD0iMSIgaGVpZ2h0PSIxIiB4bWxucz0iaHR0cDovL3d3dy53My5vcmcvMjAwMC9zdmciPjwvc3ZnPg==\" style=\"--smush-placeholder-width: 1024px; --smush-placeholder-aspect-ratio: 1024\/576;\" \/><\/figure>\n\n\n\n<p><a href=\"https:\/\/autoblog.com.ar\/2021\/08\/06\/toyota-argentina-publico-la-busqueda-de-operarios-con-secundario-completo-como-cargar-el-cv-y-postularse\/toyota10-3\/\"><\/a><strong>Aceptar los t\u00e9rminos y condiciones de Toyota Argentina (se publican ac\u00e1 arriba, en esta misma nota).<\/strong><\/p>\n\n\n\n<figure class=\"wp-block-image size-large\"><img decoding=\"async\" width=\"1024\" height=\"576\" data-attachment-id=\"97056\" data-permalink=\"https:\/\/eldiariodesanpedro.com.ar\/sitio\/toyota-argentina-publico-la-busqueda-de-operarios-con-secundario-completo-como-cargar-el-cv-y-postularse\/toyota11\/\" data-orig-file=\"https:\/\/eldiariodesanpedro.com.ar\/sitio\/wp-content\/uploads\/2021\/08\/TOYOTA11.jpg\" data-orig-size=\"1366,768\" data-comments-opened=\"0\" data-image-meta=\"{&quot;aperture&quot;:&quot;0&quot;,&quot;credit&quot;:&quot;&quot;,&quot;camera&quot;:&quot;&quot;,&quot;caption&quot;:&quot;&quot;,&quot;created_timestamp&quot;:&quot;0&quot;,&quot;copyright&quot;:&quot;&quot;,&quot;focal_length&quot;:&quot;0&quot;,&quot;iso&quot;:&quot;0&quot;,&quot;shutter_speed&quot;:&quot;0&quot;,&quot;title&quot;:&quot;&quot;,&quot;orientation&quot;:&quot;1&quot;}\" data-image-title=\"TOYOTA11\" data-image-description=\"\" data-image-caption=\"\" data-large-file=\"https:\/\/eldiariodesanpedro.com.ar\/sitio\/wp-content\/uploads\/2021\/08\/TOYOTA11-1024x576.jpg\" data-src=\"https:\/\/eldiariodesanpedro.com.ar\/sitio\/wp-content\/uploads\/2021\/08\/TOYOTA11-1024x576.jpg\" alt=\"\" class=\"wp-image-97056 lazyload\" data-srcset=\"https:\/\/eldiariodesanpedro.com.ar\/sitio\/wp-content\/uploads\/2021\/08\/TOYOTA11-1024x576.jpg 1024w, https:\/\/eldiariodesanpedro.com.ar\/sitio\/wp-content\/uploads\/2021\/08\/TOYOTA11-300x169.jpg 300w, https:\/\/eldiariodesanpedro.com.ar\/sitio\/wp-content\/uploads\/2021\/08\/TOYOTA11-768x432.jpg 768w, https:\/\/eldiariodesanpedro.com.ar\/sitio\/wp-content\/uploads\/2021\/08\/TOYOTA11-800x450.jpg 800w, https:\/\/eldiariodesanpedro.com.ar\/sitio\/wp-content\/uploads\/2021\/08\/TOYOTA11.jpg 1366w\" data-sizes=\"(max-width: 1024px) 100vw, 1024px\" src=\"data:image\/svg+xml;base64,PHN2ZyB3aWR0aD0iMSIgaGVpZ2h0PSIxIiB4bWxucz0iaHR0cDovL3d3dy53My5vcmcvMjAwMC9zdmciPjwvc3ZnPg==\" style=\"--smush-placeholder-width: 1024px; --smush-placeholder-aspect-ratio: 1024\/576;\" \/><\/figure>\n\n\n\n<p><a href=\"https:\/\/autoblog.com.ar\/2021\/08\/06\/toyota-argentina-publico-la-busqueda-de-operarios-con-secundario-completo-como-cargar-el-cv-y-postularse\/toyota11-2\/\"><\/a><strong>Este aviso s\u00f3lo se mostrar\u00e1 si los datos fueron cargados de manera correcta.<\/strong><\/p>\n\n\n\n<figure class=\"wp-block-image size-large\"><img decoding=\"async\" width=\"1024\" height=\"507\" data-attachment-id=\"97057\" data-permalink=\"https:\/\/eldiariodesanpedro.com.ar\/sitio\/toyota-argentina-publico-la-busqueda-de-operarios-con-secundario-completo-como-cargar-el-cv-y-postularse\/toyota12\/\" data-orig-file=\"https:\/\/eldiariodesanpedro.com.ar\/sitio\/wp-content\/uploads\/2021\/08\/toyota12.jpg\" data-orig-size=\"1030,510\" data-comments-opened=\"0\" data-image-meta=\"{&quot;aperture&quot;:&quot;0&quot;,&quot;credit&quot;:&quot;&quot;,&quot;camera&quot;:&quot;&quot;,&quot;caption&quot;:&quot;&quot;,&quot;created_timestamp&quot;:&quot;0&quot;,&quot;copyright&quot;:&quot;&quot;,&quot;focal_length&quot;:&quot;0&quot;,&quot;iso&quot;:&quot;0&quot;,&quot;shutter_speed&quot;:&quot;0&quot;,&quot;title&quot;:&quot;&quot;,&quot;orientation&quot;:&quot;1&quot;}\" data-image-title=\"toyota12\" data-image-description=\"\" data-image-caption=\"\" data-large-file=\"https:\/\/eldiariodesanpedro.com.ar\/sitio\/wp-content\/uploads\/2021\/08\/toyota12-1024x507.jpg\" data-src=\"https:\/\/eldiariodesanpedro.com.ar\/sitio\/wp-content\/uploads\/2021\/08\/toyota12-1024x507.jpg\" alt=\"\" class=\"wp-image-97057 lazyload\" data-srcset=\"https:\/\/eldiariodesanpedro.com.ar\/sitio\/wp-content\/uploads\/2021\/08\/toyota12-1024x507.jpg 1024w, https:\/\/eldiariodesanpedro.com.ar\/sitio\/wp-content\/uploads\/2021\/08\/toyota12-300x149.jpg 300w, https:\/\/eldiariodesanpedro.com.ar\/sitio\/wp-content\/uploads\/2021\/08\/toyota12-768x380.jpg 768w, https:\/\/eldiariodesanpedro.com.ar\/sitio\/wp-content\/uploads\/2021\/08\/toyota12.jpg 1030w\" data-sizes=\"(max-width: 1024px) 100vw, 1024px\" src=\"data:image\/svg+xml;base64,PHN2ZyB3aWR0aD0iMSIgaGVpZ2h0PSIxIiB4bWxucz0iaHR0cDovL3d3dy53My5vcmcvMjAwMC9zdmciPjwvc3ZnPg==\" style=\"--smush-placeholder-width: 1024px; --smush-placeholder-aspect-ratio: 1024\/507;\" \/><\/figure>\n\n\n\n<p><a href=\"https:\/\/autoblog.com.ar\/2021\/08\/06\/toyota-argentina-publico-la-busqueda-de-operarios-con-secundario-completo-como-cargar-el-cv-y-postularse\/toyota12-2\/\"><\/a><strong>Revisar el mail personal utilizado para crear la cuenta. All\u00ed se recibir\u00e1n notificaciones, actualizaciones sobre la b\u00fasqueda laboral y pedidos de cargar m\u00e1s datos.<\/strong><\/p>\n\n\n\n<p><strong>FUENTE: <a href=\"https:\/\/autoblog.com.ar\/2021\/08\/06\/toyota-argentina-publico-la-busqueda-de-operarios-con-secundario-completo-como-cargar-el-cv-y-postularse\/?fbclid=IwAR0MNdHk9ukklfIFrQXJKks4daf2IfPCSi2EK8yreMNOgoTFWZq_RTl6Kt8\">autoblog<\/a><\/strong><\/p>\n","protected":false},"excerpt":{"rendered":"<p>Una semana despu\u00e9s de que&nbsp;Toyota Argentina&nbsp;dijera que estaba teniendo problemas para conseguir a 200 postulantes con secundario completo para trabajar en su planta de&nbsp;Z\u00e1rate, la automotriz japonesa public\u00f3 en su web oficial la b\u00fasqueda de operarios. A pedido de varios lectores, se publica ac\u00e1 abajo el instructivo para cargar la postulaci\u00f3n y el CV para [&hellip;]<\/p>\n","protected":false},"author":4,"featured_media":97059,"comment_status":"closed","ping_status":"closed","sticky":false,"template":"","format":"standard","meta":{"om_disable_all_campaigns":false,"_jetpack_memberships_contains_paid_content":false,"footnotes":""},"categories":[621],"tags":[],"class_list":["post-97048","post","type-post","status-publish","format-standard","has-post-thumbnail","hentry","category-regionales"],"aioseo_notices":[],"gutentor_comment":0,"jetpack_featured_media_url":"https:\/\/eldiariodesanpedro.com.ar\/sitio\/wp-content\/uploads\/2021\/08\/TOYOTA1.jpg","jetpack_shortlink":"https:\/\/wp.me\/p6RhLt-pfi","jetpack_sharing_enabled":true,"_links":{"self":[{"href":"https:\/\/eldiariodesanpedro.com.ar\/sitio\/wp-json\/wp\/v2\/posts\/97048","targetHints":{"allow":["GET"]}}],"collection":[{"href":"https:\/\/eldiariodesanpedro.com.ar\/sitio\/wp-json\/wp\/v2\/posts"}],"about":[{"href":"https:\/\/eldiariodesanpedro.com.ar\/sitio\/wp-json\/wp\/v2\/types\/post"}],"author":[{"embeddable":true,"href":"https:\/\/eldiariodesanpedro.com.ar\/sitio\/wp-json\/wp\/v2\/users\/4"}],"replies":[{"embeddable":true,"href":"https:\/\/eldiariodesanpedro.com.ar\/sitio\/wp-json\/wp\/v2\/comments?post=97048"}],"version-history":[{"count":2,"href":"https:\/\/eldiariodesanpedro.com.ar\/sitio\/wp-json\/wp\/v2\/posts\/97048\/revisions"}],"predecessor-version":[{"id":97062,"href":"https:\/\/eldiariodesanpedro.com.ar\/sitio\/wp-json\/wp\/v2\/posts\/97048\/revisions\/97062"}],"wp:featuredmedia":[{"embeddable":true,"href":"https:\/\/eldiariodesanpedro.com.ar\/sitio\/wp-json\/wp\/v2\/media\/97059"}],"wp:attachment":[{"href":"https:\/\/eldiariodesanpedro.com.ar\/sitio\/wp-json\/wp\/v2\/media?parent=97048"}],"wp:term":[{"taxonomy":"category","embeddable":true,"href":"https:\/\/eldiariodesanpedro.com.ar\/sitio\/wp-json\/wp\/v2\/categories?post=97048"},{"taxonomy":"post_tag","embeddable":true,"href":"https:\/\/eldiariodesanpedro.com.ar\/sitio\/wp-json\/wp\/v2\/tags?post=97048"}],"curies":[{"name":"wp","href":"https:\/\/api.w.org\/{rel}","templated":true}]}}