{"id":97038,"date":"2021-08-06T15:40:04","date_gmt":"2021-08-06T18:40:04","guid":{"rendered":"https:\/\/eldiariodesanpedro.com.ar\/sitio\/?p=97038"},"modified":"2021-08-06T15:41:30","modified_gmt":"2021-08-06T18:41:30","slug":"se-recibieron-450-dosis-de-moderna-y-1500-sinopharm-que-se-aplicaran-la-proxima-semana","status":"publish","type":"post","link":"https:\/\/eldiariodesanpedro.com.ar\/sitio\/se-recibieron-450-dosis-de-moderna-y-1500-sinopharm-que-se-aplicaran-la-proxima-semana\/","title":{"rendered":"Se recibieron 450 dosis de moderna y 1500 sinopharm que se aplicaran la proxima semana"},"content":{"rendered":"<!-- VideographyWP Plugin Message: Automatic video embedding prevented by plugin options. -->\n\n<p>Como estaba siendo esprado la proxima semana comenzara la vacunacion a menores de edad con comorbilidades los cuales ya recibieron sus turnos.<\/p>\n\n\n\n<p>Se incorporaron en el d\u00eda de hoy al Stock de la posta sanitaria 420 dosis de Moderna para la vacunaci\u00f3n de menores de la pr\u00f3xima semana y 1500 dosis de Sinopharm.<\/p>\n","protected":false},"excerpt":{"rendered":"<p>Como estaba siendo esprado la proxima semana comenzara la vacunacion a menores de edad con comorbilidades los cuales ya recibieron sus turnos. Se incorporaron en el d\u00eda de hoy al Stock de la posta sanitaria 420 dosis de Moderna para la vacunaci\u00f3n de menores de la pr\u00f3xima semana y 1500 dosis de Sinopharm.<\/p>\n","protected":false},"author":4,"featured_media":97043,"comment_status":"closed","ping_status":"closed","sticky":false,"template":"","format":"standard","meta":{"om_disable_all_campaigns":false,"_jetpack_memberships_contains_paid_content":false,"footnotes":""},"categories":[50,101,2],"tags":[],"class_list":["post-97038","post","type-post","status-publish","format-standard","has-post-thumbnail","hentry","category-destacadas","category-interes-general-locales","category-locales"],"aioseo_notices":[],"gutentor_comment":0,"jetpack_featured_media_url":"https:\/\/eldiariodesanpedro.com.ar\/sitio\/wp-content\/uploads\/2021\/08\/vacuna-moderna-1203272.jpg","jetpack_shortlink":"https:\/\/wp.me\/p6RhLt-pf8","jetpack_sharing_enabled":true,"_links":{"self":[{"href":"https:\/\/eldiariodesanpedro.com.ar\/sitio\/wp-json\/wp\/v2\/posts\/97038","targetHints":{"allow":["GET"]}}],"collection":[{"href":"https:\/\/eldiariodesanpedro.com.ar\/sitio\/wp-json\/wp\/v2\/posts"}],"about":[{"href":"https:\/\/eldiariodesanpedro.com.ar\/sitio\/wp-json\/wp\/v2\/types\/post"}],"author":[{"embeddable":true,"href":"https:\/\/eldiariodesanpedro.com.ar\/sitio\/wp-json\/wp\/v2\/users\/4"}],"replies":[{"embeddable":true,"href":"https:\/\/eldiariodesanpedro.com.ar\/sitio\/wp-json\/wp\/v2\/comments?post=97038"}],"version-history":[{"count":2,"href":"https:\/\/eldiariodesanpedro.com.ar\/sitio\/wp-json\/wp\/v2\/posts\/97038\/revisions"}],"predecessor-version":[{"id":97045,"href":"https:\/\/eldiariodesanpedro.com.ar\/sitio\/wp-json\/wp\/v2\/posts\/97038\/revisions\/97045"}],"wp:featuredmedia":[{"embeddable":true,"href":"https:\/\/eldiariodesanpedro.com.ar\/sitio\/wp-json\/wp\/v2\/media\/97043"}],"wp:attachment":[{"href":"https:\/\/eldiariodesanpedro.com.ar\/sitio\/wp-json\/wp\/v2\/media?parent=97038"}],"wp:term":[{"taxonomy":"category","embeddable":true,"href":"https:\/\/eldiariodesanpedro.com.ar\/sitio\/wp-json\/wp\/v2\/categories?post=97038"},{"taxonomy":"post_tag","embeddable":true,"href":"https:\/\/eldiariodesanpedro.com.ar\/sitio\/wp-json\/wp\/v2\/tags?post=97038"}],"curies":[{"name":"wp","href":"https:\/\/api.w.org\/{rel}","templated":true}]}}