{"id":97021,"date":"2021-08-06T12:31:29","date_gmt":"2021-08-06T15:31:29","guid":{"rendered":"https:\/\/eldiariodesanpedro.com.ar\/sitio\/?p=97021"},"modified":"2021-08-06T12:31:33","modified_gmt":"2021-08-06T15:31:33","slug":"eliana-novella-fue-operada-y-su-estado-de-salud-va-mejorando-su-familia-agradece-la-cadena-de-oracion","status":"publish","type":"post","link":"https:\/\/eldiariodesanpedro.com.ar\/sitio\/eliana-novella-fue-operada-y-su-estado-de-salud-va-mejorando-su-familia-agradece-la-cadena-de-oracion\/","title":{"rendered":"Eliana Novella fue operada y su estado de salud va mejorando, su familia agradece la cadena de oraci\u00f3n"},"content":{"rendered":"<!-- VideographyWP Plugin Message: Automatic video embedding prevented by plugin options. -->\n\n<p>La semana pasada nos enteramos que la joven Eliana Novella de 27 a\u00f1os de edad madre de una peque\u00f1a ni\u00f1a hab\u00eda sufrido un derrame cerebral y se encontraba en grave estado, gracias a Dios el d\u00eda de ayer tuvo una cirug\u00eda y result\u00f3 positivo mejorando un poco su estado de salud.<\/p>\n\n\n\n<p>Sus familiares y amigos informaron que la joven fue intervenida quir\u00fargicamente este mi\u00e9rcoles donde le pusieron platino en un de sus venas cerebrales y restaba otra operaci\u00f3n donde le pondr\u00e1n un stent, luego de eso continuar\u00e1 en terapia alrededor de 20 d\u00edas para controlar su evoluci\u00f3n y c\u00f3mo reacciona a los medicamentos.<\/p>\n\n\n\n<p>Afortunadamente Eliana se recupera favorablemente en el Hospital de La Plata y sus allegados quieren agradecer la cadena de oraci\u00f3n y el apoyo de toda la sociedad sampedrina.<\/p>\n","protected":false},"excerpt":{"rendered":"<p>La semana pasada nos enteramos que la joven Eliana Novella de 27 a\u00f1os de edad madre de una peque\u00f1a ni\u00f1a hab\u00eda sufrido un derrame cerebral y se encontraba en grave estado, gracias a Dios el d\u00eda de ayer tuvo una cirug\u00eda y result\u00f3 positivo mejorando un poco su estado de salud. Sus familiares y amigos [&hellip;]<\/p>\n","protected":false},"author":4,"featured_media":96592,"comment_status":"closed","ping_status":"closed","sticky":false,"template":"","format":"standard","meta":{"om_disable_all_campaigns":false,"_jetpack_memberships_contains_paid_content":false,"footnotes":""},"categories":[50,101,2],"tags":[],"class_list":["post-97021","post","type-post","status-publish","format-standard","has-post-thumbnail","hentry","category-destacadas","category-interes-general-locales","category-locales"],"aioseo_notices":[],"gutentor_comment":0,"jetpack_featured_media_url":"https:\/\/eldiariodesanpedro.com.ar\/sitio\/wp-content\/uploads\/2021\/07\/228327608_4818105088205092_3378877693283679560_n.jpg","jetpack_shortlink":"https:\/\/wp.me\/p6RhLt-peR","jetpack_sharing_enabled":true,"_links":{"self":[{"href":"https:\/\/eldiariodesanpedro.com.ar\/sitio\/wp-json\/wp\/v2\/posts\/97021","targetHints":{"allow":["GET"]}}],"collection":[{"href":"https:\/\/eldiariodesanpedro.com.ar\/sitio\/wp-json\/wp\/v2\/posts"}],"about":[{"href":"https:\/\/eldiariodesanpedro.com.ar\/sitio\/wp-json\/wp\/v2\/types\/post"}],"author":[{"embeddable":true,"href":"https:\/\/eldiariodesanpedro.com.ar\/sitio\/wp-json\/wp\/v2\/users\/4"}],"replies":[{"embeddable":true,"href":"https:\/\/eldiariodesanpedro.com.ar\/sitio\/wp-json\/wp\/v2\/comments?post=97021"}],"version-history":[{"count":1,"href":"https:\/\/eldiariodesanpedro.com.ar\/sitio\/wp-json\/wp\/v2\/posts\/97021\/revisions"}],"predecessor-version":[{"id":97022,"href":"https:\/\/eldiariodesanpedro.com.ar\/sitio\/wp-json\/wp\/v2\/posts\/97021\/revisions\/97022"}],"wp:featuredmedia":[{"embeddable":true,"href":"https:\/\/eldiariodesanpedro.com.ar\/sitio\/wp-json\/wp\/v2\/media\/96592"}],"wp:attachment":[{"href":"https:\/\/eldiariodesanpedro.com.ar\/sitio\/wp-json\/wp\/v2\/media?parent=97021"}],"wp:term":[{"taxonomy":"category","embeddable":true,"href":"https:\/\/eldiariodesanpedro.com.ar\/sitio\/wp-json\/wp\/v2\/categories?post=97021"},{"taxonomy":"post_tag","embeddable":true,"href":"https:\/\/eldiariodesanpedro.com.ar\/sitio\/wp-json\/wp\/v2\/tags?post=97021"}],"curies":[{"name":"wp","href":"https:\/\/api.w.org\/{rel}","templated":true}]}}