{"id":97015,"date":"2021-08-06T12:13:48","date_gmt":"2021-08-06T15:13:48","guid":{"rendered":"https:\/\/eldiariodesanpedro.com.ar\/sitio\/?p=97015"},"modified":"2021-08-06T12:13:53","modified_gmt":"2021-08-06T15:13:53","slug":"clinica-san-pedroya-es-el-cuarto-dia-habil-del-mes-y-no-se-pago-los-sueldos-de-julio","status":"publish","type":"post","link":"https:\/\/eldiariodesanpedro.com.ar\/sitio\/clinica-san-pedroya-es-el-cuarto-dia-habil-del-mes-y-no-se-pago-los-sueldos-de-julio\/","title":{"rendered":"Clinica San Pedro\u00bbYa es el cuarto d\u00eda h\u00e1bil del mes y no se pag\u00f3 los sueldos de julio\u00bb"},"content":{"rendered":"<!-- VideographyWP Plugin Message: Automatic video embedding prevented by plugin options. -->\n\n<p>A pesar de que este grupo de personas aseguraron que se realiz\u00f3 la compra de la Cl\u00ednica San Pedro hasta el d\u00eda de hoy no se han presentado papeles demostrando la transferencia, por lo que los empleados se encuentran preocupados.<\/p>\n\n\n\n<p>Nilda Iglesias que es la referente de la Asociaci\u00f3n de Trabajadores de la Sanidad quien estuvo presente el d\u00eda de ayer en la audiencia y coment\u00f3.<\/p>\n\n\n\n<p>\u201cTuvimos una audiencia formal en el ministerio de trabajo, pero ellos no presentaron la documentaci\u00f3n que deb\u00edan de la transferencia de las acciones a los nuevos due\u00f1os, hace cuatro audiencias que pedimos lo mismo y no nos est\u00e1n presentando nada, no dicen nada solo que estos tr\u00e1mites llevan tiempo\u201d<\/p>\n\n\n\n<p>Segun se refiri\u00f3 la&nbsp; representante sindical \u201cno es tan sencillo comprar una cl\u00ednica y deben tener alg\u00fan papel, pero no tienen absolutamente nada\u201d adem\u00e1s agreg\u00f3 \u201cestuvo presente en la audiencia un funcionario del Ministerio de la Plata que asegura que al haber un incumplimiento les podr\u00eda caber una multa\u201d.<\/p>\n\n\n\n<p>Iglesias dijo: \u201cLos compa\u00f1eros empleados de la cl\u00ednica est\u00e1n preocupados por que ya es el cuarto d\u00eda h\u00e1bil del mes y no se pag\u00f3 los sueldos de julio\u201d agreg\u00f3 \u201cNunca se cierra el c\u00edrculo y nosotros ya no sabemos qu\u00e9 hacer, por lo pronto vamos a presentar una nota al Ministerio de Trabajo denunciando que no cobramos los sueldos\u201d.<\/p>\n\n\n\n<p>\u201cEsta personas presentaron un listado de la ART La Segunda la p\u00f3liza que est\u00e1 vigente hasta el 31 de noviembre, pero dentro de la lista aparece una persona que falleci\u00f3 hace 5 o 6 a\u00f1os, es una situaci\u00f3n extra\u00f1a por lo que creemos que sea un listado viejo o falso\u201d.<\/p>\n\n\n\n<p>Tambi\u00e9n la gremialista estuvo investigando sobre el historial de los nuevos accionistas y la verdad lo que pudimos averiguar no es favorable, esperemos que en esta oportunidad no sea as\u00ed.<\/p>\n","protected":false},"excerpt":{"rendered":"<p>A pesar de que este grupo de personas aseguraron que se realiz\u00f3 la compra de la Cl\u00ednica San Pedro hasta el d\u00eda de hoy no se han presentado papeles demostrando la transferencia, por lo que los empleados se encuentran preocupados. Nilda Iglesias que es la referente de la Asociaci\u00f3n de Trabajadores de la Sanidad quien [&hellip;]<\/p>\n","protected":false},"author":4,"featured_media":97019,"comment_status":"closed","ping_status":"closed","sticky":false,"template":"","format":"standard","meta":{"om_disable_all_campaigns":false,"_jetpack_memberships_contains_paid_content":false,"footnotes":""},"categories":[50,101,2],"tags":[],"class_list":["post-97015","post","type-post","status-publish","format-standard","has-post-thumbnail","hentry","category-destacadas","category-interes-general-locales","category-locales"],"aioseo_notices":[],"gutentor_comment":0,"jetpack_featured_media_url":"https:\/\/eldiariodesanpedro.com.ar\/sitio\/wp-content\/uploads\/2021\/08\/DSC_0152-scaled-e1628262524335.jpg","jetpack_shortlink":"https:\/\/wp.me\/p6RhLt-peL","jetpack_sharing_enabled":true,"_links":{"self":[{"href":"https:\/\/eldiariodesanpedro.com.ar\/sitio\/wp-json\/wp\/v2\/posts\/97015","targetHints":{"allow":["GET"]}}],"collection":[{"href":"https:\/\/eldiariodesanpedro.com.ar\/sitio\/wp-json\/wp\/v2\/posts"}],"about":[{"href":"https:\/\/eldiariodesanpedro.com.ar\/sitio\/wp-json\/wp\/v2\/types\/post"}],"author":[{"embeddable":true,"href":"https:\/\/eldiariodesanpedro.com.ar\/sitio\/wp-json\/wp\/v2\/users\/4"}],"replies":[{"embeddable":true,"href":"https:\/\/eldiariodesanpedro.com.ar\/sitio\/wp-json\/wp\/v2\/comments?post=97015"}],"version-history":[{"count":1,"href":"https:\/\/eldiariodesanpedro.com.ar\/sitio\/wp-json\/wp\/v2\/posts\/97015\/revisions"}],"predecessor-version":[{"id":97020,"href":"https:\/\/eldiariodesanpedro.com.ar\/sitio\/wp-json\/wp\/v2\/posts\/97015\/revisions\/97020"}],"wp:featuredmedia":[{"embeddable":true,"href":"https:\/\/eldiariodesanpedro.com.ar\/sitio\/wp-json\/wp\/v2\/media\/97019"}],"wp:attachment":[{"href":"https:\/\/eldiariodesanpedro.com.ar\/sitio\/wp-json\/wp\/v2\/media?parent=97015"}],"wp:term":[{"taxonomy":"category","embeddable":true,"href":"https:\/\/eldiariodesanpedro.com.ar\/sitio\/wp-json\/wp\/v2\/categories?post=97015"},{"taxonomy":"post_tag","embeddable":true,"href":"https:\/\/eldiariodesanpedro.com.ar\/sitio\/wp-json\/wp\/v2\/tags?post=97015"}],"curies":[{"name":"wp","href":"https:\/\/api.w.org\/{rel}","templated":true}]}}