{"id":97010,"date":"2021-08-06T11:21:48","date_gmt":"2021-08-06T14:21:48","guid":{"rendered":"https:\/\/eldiariodesanpedro.com.ar\/sitio\/?p=97010"},"modified":"2021-08-06T11:21:52","modified_gmt":"2021-08-06T14:21:52","slug":"el-hospital-incorporo-un-detector-de-otoemisiones-acusticas","status":"publish","type":"post","link":"https:\/\/eldiariodesanpedro.com.ar\/sitio\/el-hospital-incorporo-un-detector-de-otoemisiones-acusticas\/","title":{"rendered":"El Hospital incorpor\u00f3 un detector de otoemisiones ac\u00fasticas"},"content":{"rendered":"<!-- VideographyWP Plugin Message: Automatic video embedding prevented by plugin options. -->\n\n<p>La Secretar\u00eda de Salud en conjunto con la Direcci\u00f3n y la Administraci\u00f3n del Hospital dispuso la compra de un Detector de Otoemisiones Ac\u00fasticas para cumplimentar sin intermediarios, el examen obligatorio que debe realizarse en todo reci\u00e9n nacido para el estudio temprano de su capacidad auditiva y el tratamiento oportuno si fuera necesario, seg\u00fan los t\u00e9rminos de la Ley Nacional N\u00b0 25.415\/2001.<\/p>\n\n\n\n<p>Este procedimiento ven\u00eda realiz\u00e1ndose de manera tercerizada y a trav\u00e9s de una inversi\u00f3n posible con recursos propios y provenientes del Plan Sumar, se podr\u00e1 garantizar la prestaci\u00f3n de forma directa, con eficiencia y reduciendo costos.<\/p>\n\n\n\n<p>De acuerdo a la legislaci\u00f3n vigente si el estudio de Otoemisiones Ac\u00fasticas (OEA) revela un problema de audici\u00f3n, se pueden realizar gestiones para acceder gratuitamente a aud\u00edfonos o pr\u00f3tesis auditivas, as\u00ed como la rehabilitaci\u00f3n auditiva.<\/p>\n\n\n\n<p>Se informa adem\u00e1s que en las pr\u00f3ximas horas comenzar\u00e1n a ser entregadas las camas que ser\u00e1n utilizadas para equipar la obra de refacci\u00f3n en el sector de internaci\u00f3n que sigue avanzando.<\/p>\n","protected":false},"excerpt":{"rendered":"<p>La Secretar\u00eda de Salud en conjunto con la Direcci\u00f3n y la Administraci\u00f3n del Hospital dispuso la compra de un Detector de Otoemisiones Ac\u00fasticas para cumplimentar sin intermediarios, el examen obligatorio que debe realizarse en todo reci\u00e9n nacido para el estudio temprano de su capacidad auditiva y el tratamiento oportuno si fuera necesario, seg\u00fan los t\u00e9rminos [&hellip;]<\/p>\n","protected":false},"author":4,"featured_media":97011,"comment_status":"closed","ping_status":"closed","sticky":false,"template":"","format":"standard","meta":{"om_disable_all_campaigns":false,"_jetpack_memberships_contains_paid_content":false,"footnotes":""},"categories":[101,2],"tags":[],"class_list":["post-97010","post","type-post","status-publish","format-standard","has-post-thumbnail","hentry","category-interes-general-locales","category-locales"],"aioseo_notices":[],"gutentor_comment":0,"jetpack_featured_media_url":"https:\/\/eldiariodesanpedro.com.ar\/sitio\/wp-content\/uploads\/2021\/08\/WhatsApp-Image-2021-08-05-at-18.18.48.jpeg","jetpack_shortlink":"https:\/\/wp.me\/p6RhLt-peG","jetpack_sharing_enabled":true,"_links":{"self":[{"href":"https:\/\/eldiariodesanpedro.com.ar\/sitio\/wp-json\/wp\/v2\/posts\/97010","targetHints":{"allow":["GET"]}}],"collection":[{"href":"https:\/\/eldiariodesanpedro.com.ar\/sitio\/wp-json\/wp\/v2\/posts"}],"about":[{"href":"https:\/\/eldiariodesanpedro.com.ar\/sitio\/wp-json\/wp\/v2\/types\/post"}],"author":[{"embeddable":true,"href":"https:\/\/eldiariodesanpedro.com.ar\/sitio\/wp-json\/wp\/v2\/users\/4"}],"replies":[{"embeddable":true,"href":"https:\/\/eldiariodesanpedro.com.ar\/sitio\/wp-json\/wp\/v2\/comments?post=97010"}],"version-history":[{"count":1,"href":"https:\/\/eldiariodesanpedro.com.ar\/sitio\/wp-json\/wp\/v2\/posts\/97010\/revisions"}],"predecessor-version":[{"id":97012,"href":"https:\/\/eldiariodesanpedro.com.ar\/sitio\/wp-json\/wp\/v2\/posts\/97010\/revisions\/97012"}],"wp:featuredmedia":[{"embeddable":true,"href":"https:\/\/eldiariodesanpedro.com.ar\/sitio\/wp-json\/wp\/v2\/media\/97011"}],"wp:attachment":[{"href":"https:\/\/eldiariodesanpedro.com.ar\/sitio\/wp-json\/wp\/v2\/media?parent=97010"}],"wp:term":[{"taxonomy":"category","embeddable":true,"href":"https:\/\/eldiariodesanpedro.com.ar\/sitio\/wp-json\/wp\/v2\/categories?post=97010"},{"taxonomy":"post_tag","embeddable":true,"href":"https:\/\/eldiariodesanpedro.com.ar\/sitio\/wp-json\/wp\/v2\/tags?post=97010"}],"curies":[{"name":"wp","href":"https:\/\/api.w.org\/{rel}","templated":true}]}}