{"id":97008,"date":"2021-08-06T11:01:46","date_gmt":"2021-08-06T14:01:46","guid":{"rendered":"https:\/\/eldiariodesanpedro.com.ar\/sitio\/?p=97008"},"modified":"2021-08-06T11:01:50","modified_gmt":"2021-08-06T14:01:50","slug":"cronograma-de-pagos-para-hoy-viernes-de-anses-3","status":"publish","type":"post","link":"https:\/\/eldiariodesanpedro.com.ar\/sitio\/cronograma-de-pagos-para-hoy-viernes-de-anses-3\/","title":{"rendered":"Cronograma de pagos para hoy viernes de Anses"},"content":{"rendered":"<!-- VideographyWP Plugin Message: Automatic video embedding prevented by plugin options. -->\n\n<p><strong>El organismo, a cargo de la Lic. Fernanda Raverta, informa que ma\u00f1ana se abonan Pensiones No Contributivas (PNC), el Programa Alimentario PAMI y el Bono Salud. Cabe destacar que este mes se deposita, junto con los haberes mensuales, el bono de 5000 pesos para titulares previsionales. As\u00ed, las personas que considerando la suma de todas sus prestaciones cobran hasta dos haberes m\u00ednimos (46.129,40 pesos) reciben el monto total y las que perciben entre 46.129,41 y 51.129,40 pesos, el equivalente hasta alcanzar esta \u00faltima cifra.<\/strong><\/p>\n\n\n\n<p><strong>Pensiones No Contributivas<\/strong><br>Las sucursales bancarias habilitadas atender\u00e1n por ventanilla solo a titulares de PNC que deban cobrar su haber de agosto con documentos terminados en<strong>\u00a08\u00a0<\/strong>y\u00a0<strong>9<\/strong>.<br>En este sentido, si bien estas personas no tienen que solicitar turno previo para cobrar este beneficio,\u00a0deben acercarse a la sucursal bancaria \u00fanicamente en la fecha asignada. De todas formas, los haberes permanecer\u00e1n depositados en sus cuentas.<\/p>\n\n\n\n<p><strong>Programa Alimentario PAMI<\/strong><br>En el marco del Programa Alimentario PAMI, la ANSES abona ma\u00f1ana el pago extraordinario equivalente al monto del bols\u00f3n de alimentos para\u00a0titulares de PNC con documentos finalizados en\u00a0<strong>8\u00a0<\/strong>y<strong>\u00a09<\/strong>. Para m\u00e1s informaci\u00f3n se puede ingresar a\u00a0<a rel=\"noreferrer noopener\" href=\"http:\/\/www.pami.org.ar\/programa-alimentario\" target=\"_blank\">www.pami.org.ar\/programa-alimentario<\/a>.<\/p>\n\n\n\n<p><strong>Bono Salud<\/strong><br>Ma\u00f1ana se paga la segunda cuota de 6500 pesos de la ampliaci\u00f3n del bono que estableci\u00f3 el Ministerio de Salud para 748 mil\u00a0trabajadores y trabajadoras del sistema de salud p\u00fablico, privado y de la seguridad social. La inversi\u00f3n destinada ser\u00e1 de 4791 millones de pesos.<\/p>\n","protected":false},"excerpt":{"rendered":"<p>El organismo, a cargo de la Lic. Fernanda Raverta, informa que ma\u00f1ana se abonan Pensiones No Contributivas (PNC), el Programa Alimentario PAMI y el Bono Salud. Cabe destacar que este mes se deposita, junto con los haberes mensuales, el bono de 5000 pesos para titulares previsionales. As\u00ed, las personas que considerando la suma de todas [&hellip;]<\/p>\n","protected":false},"author":4,"featured_media":81057,"comment_status":"closed","ping_status":"closed","sticky":false,"template":"","format":"standard","meta":{"om_disable_all_campaigns":false,"_jetpack_memberships_contains_paid_content":false,"footnotes":""},"categories":[101,2],"tags":[],"class_list":["post-97008","post","type-post","status-publish","format-standard","has-post-thumbnail","hentry","category-interes-general-locales","category-locales"],"aioseo_notices":[],"gutentor_comment":0,"jetpack_featured_media_url":"https:\/\/eldiariodesanpedro.com.ar\/sitio\/wp-content\/uploads\/2020\/09\/15929411259273.jpg","jetpack_shortlink":"https:\/\/wp.me\/p6RhLt-peE","jetpack_sharing_enabled":true,"_links":{"self":[{"href":"https:\/\/eldiariodesanpedro.com.ar\/sitio\/wp-json\/wp\/v2\/posts\/97008","targetHints":{"allow":["GET"]}}],"collection":[{"href":"https:\/\/eldiariodesanpedro.com.ar\/sitio\/wp-json\/wp\/v2\/posts"}],"about":[{"href":"https:\/\/eldiariodesanpedro.com.ar\/sitio\/wp-json\/wp\/v2\/types\/post"}],"author":[{"embeddable":true,"href":"https:\/\/eldiariodesanpedro.com.ar\/sitio\/wp-json\/wp\/v2\/users\/4"}],"replies":[{"embeddable":true,"href":"https:\/\/eldiariodesanpedro.com.ar\/sitio\/wp-json\/wp\/v2\/comments?post=97008"}],"version-history":[{"count":1,"href":"https:\/\/eldiariodesanpedro.com.ar\/sitio\/wp-json\/wp\/v2\/posts\/97008\/revisions"}],"predecessor-version":[{"id":97009,"href":"https:\/\/eldiariodesanpedro.com.ar\/sitio\/wp-json\/wp\/v2\/posts\/97008\/revisions\/97009"}],"wp:featuredmedia":[{"embeddable":true,"href":"https:\/\/eldiariodesanpedro.com.ar\/sitio\/wp-json\/wp\/v2\/media\/81057"}],"wp:attachment":[{"href":"https:\/\/eldiariodesanpedro.com.ar\/sitio\/wp-json\/wp\/v2\/media?parent=97008"}],"wp:term":[{"taxonomy":"category","embeddable":true,"href":"https:\/\/eldiariodesanpedro.com.ar\/sitio\/wp-json\/wp\/v2\/categories?post=97008"},{"taxonomy":"post_tag","embeddable":true,"href":"https:\/\/eldiariodesanpedro.com.ar\/sitio\/wp-json\/wp\/v2\/tags?post=97008"}],"curies":[{"name":"wp","href":"https:\/\/api.w.org\/{rel}","templated":true}]}}