{"id":97001,"date":"2021-08-05T14:23:55","date_gmt":"2021-08-05T17:23:55","guid":{"rendered":"https:\/\/eldiariodesanpedro.com.ar\/sitio\/?p=97001"},"modified":"2021-08-05T14:23:59","modified_gmt":"2021-08-05T17:23:59","slug":"se-inauguro-la-sede-envion-en-gobernador-castro","status":"publish","type":"post","link":"https:\/\/eldiariodesanpedro.com.ar\/sitio\/se-inauguro-la-sede-envion-en-gobernador-castro\/","title":{"rendered":"Se inaugur\u00f3 la Sede Envi\u00f3n en Gobernador Castro"},"content":{"rendered":"<!-- VideographyWP Plugin Message: Automatic video embedding prevented by plugin options. -->\n\n<p>En un acto encabezado por el Secretario de Coordinaci\u00f3n Ram\u00f3n Salazar, el Secretario de Desarrollo Humano Walter Sanch\u00e9z, el Delgado Municipal de la localidad \u00c1ngel \u00c1lvarez y la Directora del programa Envi\u00f3n de la provincia Valentina Zapata se llev\u00f3 a cabo la inauguraci\u00f3n de la Sede del Programa Envi\u00f3n en la Localidad de Gobernador Castro.<\/p>\n\n\n\n<p>Durante la jornada se efectu\u00f3 el corte de cintas, conjuntamente con el equipo t\u00e9cnico y vecinos de la localidad, y posteriormente se realiz\u00f3 un recorrido por las instalaciones de la sede a la que concurrir\u00e1n los j\u00f3venes que forman parte del Programa que actualmente cuenta con 60 beneficiarios en la localidad de entre 12 y 21 a\u00f1os, quienes concurren a los talleres de comunicaci\u00f3n, reciclado, deportes, literatura, promotores de salud, entre las distintas propuestas de talleres ofrecidos, esperando adem\u00e1s que el lugar se convierta en un espacio comunitario con el que pueda contar toda la poblaci\u00f3n, para el desarrollo de diferentes actividades destinadas a la comunidad en general, fomentado el esp\u00edritu Envi\u00f3n de compa\u00f1erismo, pertenencia, contenci\u00f3n y acompa\u00f1amiento para crecer juntos y mejor.<\/p>\n\n\n\n<figure class=\"wp-block-image size-large\"><img decoding=\"async\" width=\"1024\" height=\"592\" data-attachment-id=\"97005\" data-permalink=\"https:\/\/eldiariodesanpedro.com.ar\/sitio\/se-inauguro-la-sede-envion-en-gobernador-castro\/whatsapp-image-2021-08-05-at-14-01-35\/\" data-orig-file=\"https:\/\/eldiariodesanpedro.com.ar\/sitio\/wp-content\/uploads\/2021\/08\/WhatsApp-Image-2021-08-05-at-14.01.35.jpeg\" data-orig-size=\"1280,740\" data-comments-opened=\"0\" data-image-meta=\"{&quot;aperture&quot;:&quot;0&quot;,&quot;credit&quot;:&quot;&quot;,&quot;camera&quot;:&quot;&quot;,&quot;caption&quot;:&quot;&quot;,&quot;created_timestamp&quot;:&quot;0&quot;,&quot;copyright&quot;:&quot;&quot;,&quot;focal_length&quot;:&quot;0&quot;,&quot;iso&quot;:&quot;0&quot;,&quot;shutter_speed&quot;:&quot;0&quot;,&quot;title&quot;:&quot;&quot;,&quot;orientation&quot;:&quot;0&quot;}\" data-image-title=\"WhatsApp Image 2021-08-05 at 14.01.35\" data-image-description=\"\" data-image-caption=\"\" data-large-file=\"https:\/\/eldiariodesanpedro.com.ar\/sitio\/wp-content\/uploads\/2021\/08\/WhatsApp-Image-2021-08-05-at-14.01.35-1024x592.jpeg\" data-src=\"https:\/\/eldiariodesanpedro.com.ar\/sitio\/wp-content\/uploads\/2021\/08\/WhatsApp-Image-2021-08-05-at-14.01.35-1024x592.jpeg\" alt=\"\" class=\"wp-image-97005 lazyload\" data-srcset=\"https:\/\/eldiariodesanpedro.com.ar\/sitio\/wp-content\/uploads\/2021\/08\/WhatsApp-Image-2021-08-05-at-14.01.35-1024x592.jpeg 1024w, https:\/\/eldiariodesanpedro.com.ar\/sitio\/wp-content\/uploads\/2021\/08\/WhatsApp-Image-2021-08-05-at-14.01.35-300x173.jpeg 300w, https:\/\/eldiariodesanpedro.com.ar\/sitio\/wp-content\/uploads\/2021\/08\/WhatsApp-Image-2021-08-05-at-14.01.35-768x444.jpeg 768w, https:\/\/eldiariodesanpedro.com.ar\/sitio\/wp-content\/uploads\/2021\/08\/WhatsApp-Image-2021-08-05-at-14.01.35.jpeg 1280w\" data-sizes=\"(max-width: 1024px) 100vw, 1024px\" src=\"data:image\/svg+xml;base64,PHN2ZyB3aWR0aD0iMSIgaGVpZ2h0PSIxIiB4bWxucz0iaHR0cDovL3d3dy53My5vcmcvMjAwMC9zdmciPjwvc3ZnPg==\" style=\"--smush-placeholder-width: 1024px; --smush-placeholder-aspect-ratio: 1024\/592;\" \/><\/figure>\n\n\n\n<figure class=\"wp-block-image size-large\"><img decoding=\"async\" width=\"805\" height=\"1024\" data-attachment-id=\"97006\" data-permalink=\"https:\/\/eldiariodesanpedro.com.ar\/sitio\/se-inauguro-la-sede-envion-en-gobernador-castro\/whatsapp-image-2021-08-05-at-14-01-34-2\/\" data-orig-file=\"https:\/\/eldiariodesanpedro.com.ar\/sitio\/wp-content\/uploads\/2021\/08\/WhatsApp-Image-2021-08-05-at-14.01.34-2.jpeg\" data-orig-size=\"1006,1280\" data-comments-opened=\"0\" data-image-meta=\"{&quot;aperture&quot;:&quot;0&quot;,&quot;credit&quot;:&quot;&quot;,&quot;camera&quot;:&quot;&quot;,&quot;caption&quot;:&quot;&quot;,&quot;created_timestamp&quot;:&quot;0&quot;,&quot;copyright&quot;:&quot;&quot;,&quot;focal_length&quot;:&quot;0&quot;,&quot;iso&quot;:&quot;0&quot;,&quot;shutter_speed&quot;:&quot;0&quot;,&quot;title&quot;:&quot;&quot;,&quot;orientation&quot;:&quot;0&quot;}\" data-image-title=\"WhatsApp-Image-2021-08-05-at-14.01.34-2\" data-image-description=\"\" data-image-caption=\"\" data-large-file=\"https:\/\/eldiariodesanpedro.com.ar\/sitio\/wp-content\/uploads\/2021\/08\/WhatsApp-Image-2021-08-05-at-14.01.34-2-805x1024.jpeg\" data-src=\"https:\/\/eldiariodesanpedro.com.ar\/sitio\/wp-content\/uploads\/2021\/08\/WhatsApp-Image-2021-08-05-at-14.01.34-2-805x1024.jpeg\" alt=\"\" class=\"wp-image-97006 lazyload\" data-srcset=\"https:\/\/eldiariodesanpedro.com.ar\/sitio\/wp-content\/uploads\/2021\/08\/WhatsApp-Image-2021-08-05-at-14.01.34-2-805x1024.jpeg 805w, https:\/\/eldiariodesanpedro.com.ar\/sitio\/wp-content\/uploads\/2021\/08\/WhatsApp-Image-2021-08-05-at-14.01.34-2-236x300.jpeg 236w, https:\/\/eldiariodesanpedro.com.ar\/sitio\/wp-content\/uploads\/2021\/08\/WhatsApp-Image-2021-08-05-at-14.01.34-2-768x977.jpeg 768w, https:\/\/eldiariodesanpedro.com.ar\/sitio\/wp-content\/uploads\/2021\/08\/WhatsApp-Image-2021-08-05-at-14.01.34-2.jpeg 1006w\" data-sizes=\"(max-width: 805px) 100vw, 805px\" src=\"data:image\/svg+xml;base64,PHN2ZyB3aWR0aD0iMSIgaGVpZ2h0PSIxIiB4bWxucz0iaHR0cDovL3d3dy53My5vcmcvMjAwMC9zdmciPjwvc3ZnPg==\" style=\"--smush-placeholder-width: 805px; --smush-placeholder-aspect-ratio: 805\/1024;\" \/><\/figure>\n","protected":false},"excerpt":{"rendered":"<p>En un acto encabezado por el Secretario de Coordinaci\u00f3n Ram\u00f3n Salazar, el Secretario de Desarrollo Humano Walter Sanch\u00e9z, el Delgado Municipal de la localidad \u00c1ngel \u00c1lvarez y la Directora del programa Envi\u00f3n de la provincia Valentina Zapata se llev\u00f3 a cabo la inauguraci\u00f3n de la Sede del Programa Envi\u00f3n en la Localidad de Gobernador Castro. [&hellip;]<\/p>\n","protected":false},"author":4,"featured_media":97003,"comment_status":"closed","ping_status":"closed","sticky":false,"template":"","format":"standard","meta":{"om_disable_all_campaigns":false,"_jetpack_memberships_contains_paid_content":false,"footnotes":""},"categories":[50,101,2],"tags":[],"class_list":["post-97001","post","type-post","status-publish","format-standard","has-post-thumbnail","hentry","category-destacadas","category-interes-general-locales","category-locales"],"aioseo_notices":[],"gutentor_comment":0,"jetpack_featured_media_url":"https:\/\/eldiariodesanpedro.com.ar\/sitio\/wp-content\/uploads\/2021\/08\/WhatsApp-Image-2021-08-05-at-14.01.34-1.jpeg","jetpack_shortlink":"https:\/\/wp.me\/p6RhLt-pex","jetpack_sharing_enabled":true,"_links":{"self":[{"href":"https:\/\/eldiariodesanpedro.com.ar\/sitio\/wp-json\/wp\/v2\/posts\/97001","targetHints":{"allow":["GET"]}}],"collection":[{"href":"https:\/\/eldiariodesanpedro.com.ar\/sitio\/wp-json\/wp\/v2\/posts"}],"about":[{"href":"https:\/\/eldiariodesanpedro.com.ar\/sitio\/wp-json\/wp\/v2\/types\/post"}],"author":[{"embeddable":true,"href":"https:\/\/eldiariodesanpedro.com.ar\/sitio\/wp-json\/wp\/v2\/users\/4"}],"replies":[{"embeddable":true,"href":"https:\/\/eldiariodesanpedro.com.ar\/sitio\/wp-json\/wp\/v2\/comments?post=97001"}],"version-history":[{"count":1,"href":"https:\/\/eldiariodesanpedro.com.ar\/sitio\/wp-json\/wp\/v2\/posts\/97001\/revisions"}],"predecessor-version":[{"id":97007,"href":"https:\/\/eldiariodesanpedro.com.ar\/sitio\/wp-json\/wp\/v2\/posts\/97001\/revisions\/97007"}],"wp:featuredmedia":[{"embeddable":true,"href":"https:\/\/eldiariodesanpedro.com.ar\/sitio\/wp-json\/wp\/v2\/media\/97003"}],"wp:attachment":[{"href":"https:\/\/eldiariodesanpedro.com.ar\/sitio\/wp-json\/wp\/v2\/media?parent=97001"}],"wp:term":[{"taxonomy":"category","embeddable":true,"href":"https:\/\/eldiariodesanpedro.com.ar\/sitio\/wp-json\/wp\/v2\/categories?post=97001"},{"taxonomy":"post_tag","embeddable":true,"href":"https:\/\/eldiariodesanpedro.com.ar\/sitio\/wp-json\/wp\/v2\/tags?post=97001"}],"curies":[{"name":"wp","href":"https:\/\/api.w.org\/{rel}","templated":true}]}}