{"id":96995,"date":"2021-08-05T13:56:32","date_gmt":"2021-08-05T16:56:32","guid":{"rendered":"https:\/\/eldiariodesanpedro.com.ar\/sitio\/?p=96995"},"modified":"2021-08-05T13:56:36","modified_gmt":"2021-08-05T16:56:36","slug":"charla-debate-en-la-semana-mundial-de-lactancia-materna","status":"publish","type":"post","link":"https:\/\/eldiariodesanpedro.com.ar\/sitio\/charla-debate-en-la-semana-mundial-de-lactancia-materna\/","title":{"rendered":"Charla debate en la Semana Mundial de Lactancia Materna"},"content":{"rendered":"<!-- VideographyWP Plugin Message: Automatic video embedding prevented by plugin options. -->\n\n<p>Se realiz\u00f3 un charla debate con la tem\u00e1tica Lactancia Materna, en el marco de la Semana Mundial, organizada desde la Subsecretar\u00eda de Pol\u00edticas de G\u00e9nero, Mujeres y Diversidad. La actividad cont\u00f3 con la participaci\u00f3n Subsecretaria Laura Monfasani y de un importante grupo de mujeres de la comunidad que se acercaron al lugar.<\/p>\n\n\n\n<p>La Puericultora Florencia Castillo tuvo a su cargo la explicaci\u00f3n para los presentes sobre las experiencias que recogidas en el trabajo cotidiano en el Hospital Emilio Ruffa. Adem\u00e1s de puntualizar en la importancia del rol paterno y del rol de la familia.<\/p>\n\n\n\n<p>Dentro de la jornada, se realizaron propuestas para futuras charlas o capacitaciones que se podr\u00e1n llevar acabo en la Subsecretar\u00eda.<\/p>\n\n\n\n<figure class=\"wp-block-image size-large\"><img decoding=\"async\" width=\"768\" height=\"1024\" data-attachment-id=\"96998\" data-permalink=\"https:\/\/eldiariodesanpedro.com.ar\/sitio\/charla-debate-en-la-semana-mundial-de-lactancia-materna\/whatsapp-image-2021-08-05-at-13-21-42-1\/\" data-orig-file=\"https:\/\/eldiariodesanpedro.com.ar\/sitio\/wp-content\/uploads\/2021\/08\/WhatsApp-Image-2021-08-05-at-13.21.42-1.jpeg\" data-orig-size=\"960,1280\" data-comments-opened=\"0\" data-image-meta=\"{&quot;aperture&quot;:&quot;0&quot;,&quot;credit&quot;:&quot;&quot;,&quot;camera&quot;:&quot;&quot;,&quot;caption&quot;:&quot;&quot;,&quot;created_timestamp&quot;:&quot;0&quot;,&quot;copyright&quot;:&quot;&quot;,&quot;focal_length&quot;:&quot;0&quot;,&quot;iso&quot;:&quot;0&quot;,&quot;shutter_speed&quot;:&quot;0&quot;,&quot;title&quot;:&quot;&quot;,&quot;orientation&quot;:&quot;0&quot;}\" data-image-title=\"WhatsApp-Image-2021-08-05-at-13.21.42-1\" data-image-description=\"\" data-image-caption=\"\" data-large-file=\"https:\/\/eldiariodesanpedro.com.ar\/sitio\/wp-content\/uploads\/2021\/08\/WhatsApp-Image-2021-08-05-at-13.21.42-1-768x1024.jpeg\" data-src=\"https:\/\/eldiariodesanpedro.com.ar\/sitio\/wp-content\/uploads\/2021\/08\/WhatsApp-Image-2021-08-05-at-13.21.42-1-768x1024.jpeg\" alt=\"\" class=\"wp-image-96998 lazyload\" data-srcset=\"https:\/\/eldiariodesanpedro.com.ar\/sitio\/wp-content\/uploads\/2021\/08\/WhatsApp-Image-2021-08-05-at-13.21.42-1-768x1024.jpeg 768w, https:\/\/eldiariodesanpedro.com.ar\/sitio\/wp-content\/uploads\/2021\/08\/WhatsApp-Image-2021-08-05-at-13.21.42-1-225x300.jpeg 225w, https:\/\/eldiariodesanpedro.com.ar\/sitio\/wp-content\/uploads\/2021\/08\/WhatsApp-Image-2021-08-05-at-13.21.42-1.jpeg 960w\" data-sizes=\"(max-width: 768px) 100vw, 768px\" src=\"data:image\/svg+xml;base64,PHN2ZyB3aWR0aD0iMSIgaGVpZ2h0PSIxIiB4bWxucz0iaHR0cDovL3d3dy53My5vcmcvMjAwMC9zdmciPjwvc3ZnPg==\" style=\"--smush-placeholder-width: 768px; --smush-placeholder-aspect-ratio: 768\/1024;\" \/><\/figure>\n\n\n\n<figure class=\"wp-block-image size-large\"><img decoding=\"async\" width=\"768\" height=\"1024\" data-attachment-id=\"96999\" data-permalink=\"https:\/\/eldiariodesanpedro.com.ar\/sitio\/charla-debate-en-la-semana-mundial-de-lactancia-materna\/whatsapp-image-2021-08-05-at-13-21-42\/\" data-orig-file=\"https:\/\/eldiariodesanpedro.com.ar\/sitio\/wp-content\/uploads\/2021\/08\/WhatsApp-Image-2021-08-05-at-13.21.42.jpeg\" data-orig-size=\"960,1280\" data-comments-opened=\"0\" data-image-meta=\"{&quot;aperture&quot;:&quot;0&quot;,&quot;credit&quot;:&quot;&quot;,&quot;camera&quot;:&quot;&quot;,&quot;caption&quot;:&quot;&quot;,&quot;created_timestamp&quot;:&quot;0&quot;,&quot;copyright&quot;:&quot;&quot;,&quot;focal_length&quot;:&quot;0&quot;,&quot;iso&quot;:&quot;0&quot;,&quot;shutter_speed&quot;:&quot;0&quot;,&quot;title&quot;:&quot;&quot;,&quot;orientation&quot;:&quot;0&quot;}\" data-image-title=\"WhatsApp Image 2021-08-05 at 13.21.42\" data-image-description=\"\" data-image-caption=\"\" data-large-file=\"https:\/\/eldiariodesanpedro.com.ar\/sitio\/wp-content\/uploads\/2021\/08\/WhatsApp-Image-2021-08-05-at-13.21.42-768x1024.jpeg\" data-src=\"https:\/\/eldiariodesanpedro.com.ar\/sitio\/wp-content\/uploads\/2021\/08\/WhatsApp-Image-2021-08-05-at-13.21.42-768x1024.jpeg\" alt=\"\" class=\"wp-image-96999 lazyload\" data-srcset=\"https:\/\/eldiariodesanpedro.com.ar\/sitio\/wp-content\/uploads\/2021\/08\/WhatsApp-Image-2021-08-05-at-13.21.42-768x1024.jpeg 768w, https:\/\/eldiariodesanpedro.com.ar\/sitio\/wp-content\/uploads\/2021\/08\/WhatsApp-Image-2021-08-05-at-13.21.42-225x300.jpeg 225w, https:\/\/eldiariodesanpedro.com.ar\/sitio\/wp-content\/uploads\/2021\/08\/WhatsApp-Image-2021-08-05-at-13.21.42.jpeg 960w\" data-sizes=\"(max-width: 768px) 100vw, 768px\" src=\"data:image\/svg+xml;base64,PHN2ZyB3aWR0aD0iMSIgaGVpZ2h0PSIxIiB4bWxucz0iaHR0cDovL3d3dy53My5vcmcvMjAwMC9zdmciPjwvc3ZnPg==\" style=\"--smush-placeholder-width: 768px; --smush-placeholder-aspect-ratio: 768\/1024;\" \/><\/figure>\n","protected":false},"excerpt":{"rendered":"<p>Se realiz\u00f3 un charla debate con la tem\u00e1tica Lactancia Materna, en el marco de la Semana Mundial, organizada desde la Subsecretar\u00eda de Pol\u00edticas de G\u00e9nero, Mujeres y Diversidad. La actividad cont\u00f3 con la participaci\u00f3n Subsecretaria Laura Monfasani y de un importante grupo de mujeres de la comunidad que se acercaron al lugar. La Puericultora Florencia [&hellip;]<\/p>\n","protected":false},"author":4,"featured_media":96997,"comment_status":"closed","ping_status":"closed","sticky":false,"template":"","format":"standard","meta":{"om_disable_all_campaigns":false,"_jetpack_memberships_contains_paid_content":false,"footnotes":""},"categories":[101,2],"tags":[],"class_list":["post-96995","post","type-post","status-publish","format-standard","has-post-thumbnail","hentry","category-interes-general-locales","category-locales"],"aioseo_notices":[],"gutentor_comment":0,"jetpack_featured_media_url":"https:\/\/eldiariodesanpedro.com.ar\/sitio\/wp-content\/uploads\/2021\/08\/medida-2.jpg","jetpack_shortlink":"https:\/\/wp.me\/p6RhLt-per","jetpack_sharing_enabled":true,"_links":{"self":[{"href":"https:\/\/eldiariodesanpedro.com.ar\/sitio\/wp-json\/wp\/v2\/posts\/96995","targetHints":{"allow":["GET"]}}],"collection":[{"href":"https:\/\/eldiariodesanpedro.com.ar\/sitio\/wp-json\/wp\/v2\/posts"}],"about":[{"href":"https:\/\/eldiariodesanpedro.com.ar\/sitio\/wp-json\/wp\/v2\/types\/post"}],"author":[{"embeddable":true,"href":"https:\/\/eldiariodesanpedro.com.ar\/sitio\/wp-json\/wp\/v2\/users\/4"}],"replies":[{"embeddable":true,"href":"https:\/\/eldiariodesanpedro.com.ar\/sitio\/wp-json\/wp\/v2\/comments?post=96995"}],"version-history":[{"count":1,"href":"https:\/\/eldiariodesanpedro.com.ar\/sitio\/wp-json\/wp\/v2\/posts\/96995\/revisions"}],"predecessor-version":[{"id":97000,"href":"https:\/\/eldiariodesanpedro.com.ar\/sitio\/wp-json\/wp\/v2\/posts\/96995\/revisions\/97000"}],"wp:featuredmedia":[{"embeddable":true,"href":"https:\/\/eldiariodesanpedro.com.ar\/sitio\/wp-json\/wp\/v2\/media\/96997"}],"wp:attachment":[{"href":"https:\/\/eldiariodesanpedro.com.ar\/sitio\/wp-json\/wp\/v2\/media?parent=96995"}],"wp:term":[{"taxonomy":"category","embeddable":true,"href":"https:\/\/eldiariodesanpedro.com.ar\/sitio\/wp-json\/wp\/v2\/categories?post=96995"},{"taxonomy":"post_tag","embeddable":true,"href":"https:\/\/eldiariodesanpedro.com.ar\/sitio\/wp-json\/wp\/v2\/tags?post=96995"}],"curies":[{"name":"wp","href":"https:\/\/api.w.org\/{rel}","templated":true}]}}