{"id":96992,"date":"2021-08-05T13:47:52","date_gmt":"2021-08-05T16:47:52","guid":{"rendered":"https:\/\/eldiariodesanpedro.com.ar\/sitio\/?p=96992"},"modified":"2021-08-05T13:47:56","modified_gmt":"2021-08-05T16:47:56","slug":"continuan-las-capacitaciones-sobre-la-implementacion-de-la-ley-micaela","status":"publish","type":"post","link":"https:\/\/eldiariodesanpedro.com.ar\/sitio\/continuan-las-capacitaciones-sobre-la-implementacion-de-la-ley-micaela\/","title":{"rendered":"Contin\u00faan las capacitaciones sobre la implementaci\u00f3n de la Ley Micaela"},"content":{"rendered":"<!-- VideographyWP Plugin Message: Automatic video embedding prevented by plugin options. -->\n\n<p>La Subsecretar\u00eda de Pol\u00edticas de G\u00e9nero, Mujeres y Diversidad de San Pedro informa que contin\u00faa la capacitaci\u00f3n de todos los funcionarios de la administraci\u00f3n municipal, cumpliendo con el cronograma establecido para compartir con todos y todas, los aspectos fundamentales del trabajo sobre el trabajo en perspectiva de g\u00e9nero.<\/p>\n\n\n\n<p>En los pr\u00f3ximos d\u00edas continuar\u00e1 la capacitaci\u00f3n con los empleados de planta, a quienes se les va informando progresivamente, d\u00edas y horarios de los encuentros.<\/p>\n","protected":false},"excerpt":{"rendered":"<p>La Subsecretar\u00eda de Pol\u00edticas de G\u00e9nero, Mujeres y Diversidad de San Pedro informa que contin\u00faa la capacitaci\u00f3n de todos los funcionarios de la administraci\u00f3n municipal, cumpliendo con el cronograma establecido para compartir con todos y todas, los aspectos fundamentales del trabajo sobre el trabajo en perspectiva de g\u00e9nero. En los pr\u00f3ximos d\u00edas continuar\u00e1 la capacitaci\u00f3n [&hellip;]<\/p>\n","protected":false},"author":4,"featured_media":96993,"comment_status":"closed","ping_status":"closed","sticky":false,"template":"","format":"standard","meta":{"om_disable_all_campaigns":false,"_jetpack_memberships_contains_paid_content":false,"footnotes":""},"categories":[101,2],"tags":[],"class_list":["post-96992","post","type-post","status-publish","format-standard","has-post-thumbnail","hentry","category-interes-general-locales","category-locales"],"aioseo_notices":[],"gutentor_comment":0,"jetpack_featured_media_url":"https:\/\/eldiariodesanpedro.com.ar\/sitio\/wp-content\/uploads\/2021\/08\/WhatsApp-Image-2021-08-05-at-13.12.44.jpeg","jetpack_shortlink":"https:\/\/wp.me\/p6RhLt-peo","jetpack_sharing_enabled":true,"_links":{"self":[{"href":"https:\/\/eldiariodesanpedro.com.ar\/sitio\/wp-json\/wp\/v2\/posts\/96992","targetHints":{"allow":["GET"]}}],"collection":[{"href":"https:\/\/eldiariodesanpedro.com.ar\/sitio\/wp-json\/wp\/v2\/posts"}],"about":[{"href":"https:\/\/eldiariodesanpedro.com.ar\/sitio\/wp-json\/wp\/v2\/types\/post"}],"author":[{"embeddable":true,"href":"https:\/\/eldiariodesanpedro.com.ar\/sitio\/wp-json\/wp\/v2\/users\/4"}],"replies":[{"embeddable":true,"href":"https:\/\/eldiariodesanpedro.com.ar\/sitio\/wp-json\/wp\/v2\/comments?post=96992"}],"version-history":[{"count":1,"href":"https:\/\/eldiariodesanpedro.com.ar\/sitio\/wp-json\/wp\/v2\/posts\/96992\/revisions"}],"predecessor-version":[{"id":96994,"href":"https:\/\/eldiariodesanpedro.com.ar\/sitio\/wp-json\/wp\/v2\/posts\/96992\/revisions\/96994"}],"wp:featuredmedia":[{"embeddable":true,"href":"https:\/\/eldiariodesanpedro.com.ar\/sitio\/wp-json\/wp\/v2\/media\/96993"}],"wp:attachment":[{"href":"https:\/\/eldiariodesanpedro.com.ar\/sitio\/wp-json\/wp\/v2\/media?parent=96992"}],"wp:term":[{"taxonomy":"category","embeddable":true,"href":"https:\/\/eldiariodesanpedro.com.ar\/sitio\/wp-json\/wp\/v2\/categories?post=96992"},{"taxonomy":"post_tag","embeddable":true,"href":"https:\/\/eldiariodesanpedro.com.ar\/sitio\/wp-json\/wp\/v2\/tags?post=96992"}],"curies":[{"name":"wp","href":"https:\/\/api.w.org\/{rel}","templated":true}]}}