{"id":96980,"date":"2021-08-05T13:18:10","date_gmt":"2021-08-05T16:18:10","guid":{"rendered":"https:\/\/eldiariodesanpedro.com.ar\/sitio\/?p=96980"},"modified":"2021-08-05T13:18:14","modified_gmt":"2021-08-05T16:18:14","slug":"robaron-una-bicicleta-que-estaba-en-un-balcon","status":"publish","type":"post","link":"https:\/\/eldiariodesanpedro.com.ar\/sitio\/robaron-una-bicicleta-que-estaba-en-un-balcon\/","title":{"rendered":"Robaron una bicicleta que estaba en un balc\u00f3n"},"content":{"rendered":"<!-- VideographyWP Plugin Message: Automatic video embedding prevented by plugin options. -->\n\n<p>En la jornada de ayer se recibi\u00f3 una denuncia en la comisar\u00eda local por parte de un ciudadano que declar\u00f3 que delincuentes le robaron una bicicleta desde su balc\u00f3n.<\/p>\n\n\n\n<p>El hecho fue denunciado el d\u00eda de hoy en horas de la ma\u00f1ana por parte de un ciudadano de 26 a\u00f1os de edad domiciliado en calle Pav\u00f3n al 1300 manifest\u00f3 que durante la madrugada de hoy delincuentes ignorados ingresaron a su balc\u00f3n para llev\u00e1rsela.<\/p>\n\n\n\n<p>Seg\u00fan explic\u00f3 el joven la bicicleta se encontraba sin ninguna traba de seguridad.<\/p>\n","protected":false},"excerpt":{"rendered":"<p>En la jornada de ayer se recibi\u00f3 una denuncia en la comisar\u00eda local por parte de un ciudadano que declar\u00f3 que delincuentes le robaron una bicicleta desde su balc\u00f3n. El hecho fue denunciado el d\u00eda de hoy en horas de la ma\u00f1ana por parte de un ciudadano de 26 a\u00f1os de edad domiciliado en calle [&hellip;]<\/p>\n","protected":false},"author":4,"featured_media":77561,"comment_status":"closed","ping_status":"closed","sticky":false,"template":"","format":"standard","meta":{"om_disable_all_campaigns":false,"_jetpack_memberships_contains_paid_content":false,"footnotes":""},"categories":[2,103],"tags":[],"class_list":["post-96980","post","type-post","status-publish","format-standard","has-post-thumbnail","hentry","category-locales","category-policiales-locales"],"aioseo_notices":[],"gutentor_comment":0,"jetpack_featured_media_url":"https:\/\/eldiariodesanpedro.com.ar\/sitio\/wp-content\/uploads\/2020\/07\/20200709072134.jpg","jetpack_shortlink":"https:\/\/wp.me\/p6RhLt-pec","jetpack_sharing_enabled":true,"_links":{"self":[{"href":"https:\/\/eldiariodesanpedro.com.ar\/sitio\/wp-json\/wp\/v2\/posts\/96980","targetHints":{"allow":["GET"]}}],"collection":[{"href":"https:\/\/eldiariodesanpedro.com.ar\/sitio\/wp-json\/wp\/v2\/posts"}],"about":[{"href":"https:\/\/eldiariodesanpedro.com.ar\/sitio\/wp-json\/wp\/v2\/types\/post"}],"author":[{"embeddable":true,"href":"https:\/\/eldiariodesanpedro.com.ar\/sitio\/wp-json\/wp\/v2\/users\/4"}],"replies":[{"embeddable":true,"href":"https:\/\/eldiariodesanpedro.com.ar\/sitio\/wp-json\/wp\/v2\/comments?post=96980"}],"version-history":[{"count":1,"href":"https:\/\/eldiariodesanpedro.com.ar\/sitio\/wp-json\/wp\/v2\/posts\/96980\/revisions"}],"predecessor-version":[{"id":96981,"href":"https:\/\/eldiariodesanpedro.com.ar\/sitio\/wp-json\/wp\/v2\/posts\/96980\/revisions\/96981"}],"wp:featuredmedia":[{"embeddable":true,"href":"https:\/\/eldiariodesanpedro.com.ar\/sitio\/wp-json\/wp\/v2\/media\/77561"}],"wp:attachment":[{"href":"https:\/\/eldiariodesanpedro.com.ar\/sitio\/wp-json\/wp\/v2\/media?parent=96980"}],"wp:term":[{"taxonomy":"category","embeddable":true,"href":"https:\/\/eldiariodesanpedro.com.ar\/sitio\/wp-json\/wp\/v2\/categories?post=96980"},{"taxonomy":"post_tag","embeddable":true,"href":"https:\/\/eldiariodesanpedro.com.ar\/sitio\/wp-json\/wp\/v2\/tags?post=96980"}],"curies":[{"name":"wp","href":"https:\/\/api.w.org\/{rel}","templated":true}]}}