{"id":96966,"date":"2021-08-05T12:57:25","date_gmt":"2021-08-05T15:57:25","guid":{"rendered":"https:\/\/eldiariodesanpedro.com.ar\/sitio\/?p=96966"},"modified":"2021-08-05T12:57:29","modified_gmt":"2021-08-05T15:57:29","slug":"un-joven-con-pedido-de-captura-fue-aprehendido","status":"publish","type":"post","link":"https:\/\/eldiariodesanpedro.com.ar\/sitio\/un-joven-con-pedido-de-captura-fue-aprehendido\/","title":{"rendered":"Un joven con pedido de captura fue aprehendido"},"content":{"rendered":"<!-- VideographyWP Plugin Message: Automatic video embedding prevented by plugin options. -->\n\n<p>En horas de la ma\u00f1ana de ayer mi\u00e9rcoles, el personal policial en calle Mitre al 1800 de nuestra ciudad procedi\u00f3 a la aprehensi\u00f3n de un ciudadano de 28 a\u00f1os de edad, sobre quien pesa pedido captura activa, con intervenci\u00f3n del Juzgado Nacional en lo Correccional N\u00ba 3 de Capital Federal,\u00a0 desde el a\u00f1o 2016,\u00a0 por hecho de encubrimiento.<\/p>\n","protected":false},"excerpt":{"rendered":"<p>En horas de la ma\u00f1ana de ayer mi\u00e9rcoles, el personal policial en calle Mitre al 1800 de nuestra ciudad procedi\u00f3 a la aprehensi\u00f3n de un ciudadano de 28 a\u00f1os de edad, sobre quien pesa pedido captura activa, con intervenci\u00f3n del Juzgado Nacional en lo Correccional N\u00ba 3 de Capital Federal,\u00a0 desde el a\u00f1o 2016,\u00a0 por [&hellip;]<\/p>\n","protected":false},"author":4,"featured_media":96967,"comment_status":"closed","ping_status":"closed","sticky":false,"template":"","format":"standard","meta":{"om_disable_all_campaigns":false,"_jetpack_memberships_contains_paid_content":false,"footnotes":""},"categories":[2,103],"tags":[],"class_list":["post-96966","post","type-post","status-publish","format-standard","has-post-thumbnail","hentry","category-locales","category-policiales-locales"],"aioseo_notices":[],"gutentor_comment":0,"jetpack_featured_media_url":"https:\/\/eldiariodesanpedro.com.ar\/sitio\/wp-content\/uploads\/2021\/08\/medida-1.jpg","jetpack_shortlink":"https:\/\/wp.me\/p6RhLt-pdY","jetpack_sharing_enabled":true,"_links":{"self":[{"href":"https:\/\/eldiariodesanpedro.com.ar\/sitio\/wp-json\/wp\/v2\/posts\/96966","targetHints":{"allow":["GET"]}}],"collection":[{"href":"https:\/\/eldiariodesanpedro.com.ar\/sitio\/wp-json\/wp\/v2\/posts"}],"about":[{"href":"https:\/\/eldiariodesanpedro.com.ar\/sitio\/wp-json\/wp\/v2\/types\/post"}],"author":[{"embeddable":true,"href":"https:\/\/eldiariodesanpedro.com.ar\/sitio\/wp-json\/wp\/v2\/users\/4"}],"replies":[{"embeddable":true,"href":"https:\/\/eldiariodesanpedro.com.ar\/sitio\/wp-json\/wp\/v2\/comments?post=96966"}],"version-history":[{"count":1,"href":"https:\/\/eldiariodesanpedro.com.ar\/sitio\/wp-json\/wp\/v2\/posts\/96966\/revisions"}],"predecessor-version":[{"id":96968,"href":"https:\/\/eldiariodesanpedro.com.ar\/sitio\/wp-json\/wp\/v2\/posts\/96966\/revisions\/96968"}],"wp:featuredmedia":[{"embeddable":true,"href":"https:\/\/eldiariodesanpedro.com.ar\/sitio\/wp-json\/wp\/v2\/media\/96967"}],"wp:attachment":[{"href":"https:\/\/eldiariodesanpedro.com.ar\/sitio\/wp-json\/wp\/v2\/media?parent=96966"}],"wp:term":[{"taxonomy":"category","embeddable":true,"href":"https:\/\/eldiariodesanpedro.com.ar\/sitio\/wp-json\/wp\/v2\/categories?post=96966"},{"taxonomy":"post_tag","embeddable":true,"href":"https:\/\/eldiariodesanpedro.com.ar\/sitio\/wp-json\/wp\/v2\/tags?post=96966"}],"curies":[{"name":"wp","href":"https:\/\/api.w.org\/{rel}","templated":true}]}}