{"id":96964,"date":"2021-08-05T12:42:41","date_gmt":"2021-08-05T15:42:41","guid":{"rendered":"https:\/\/eldiariodesanpedro.com.ar\/sitio\/?p=96964"},"modified":"2021-08-05T12:42:45","modified_gmt":"2021-08-05T15:42:45","slug":"se-recibieron-amenazas-en-la-comisaria-en-una-de-ellos-una-mujer-denuncio-que-la-quisieron-atropellar","status":"publish","type":"post","link":"https:\/\/eldiariodesanpedro.com.ar\/sitio\/se-recibieron-amenazas-en-la-comisaria-en-una-de-ellos-una-mujer-denuncio-que-la-quisieron-atropellar\/","title":{"rendered":"Se recibieron amenazas en la comisar\u00eda, en una de ellos una mujer denunci\u00f3 que la quisieron atropellar"},"content":{"rendered":"<!-- VideographyWP Plugin Message: Automatic video embedding prevented by plugin options. -->\n\n<p>En la jornada de ayer la comisar\u00eda local recibi\u00f3 dos denuncias por amenazas en diferentes puntos de ciudad, en uno de ellos una mujer declar\u00f3 que quiso ser atropellada por un ciudadano en camioneta.<\/p>\n\n\n\n<p>En primer lugar un ciudadano de 57 a\u00f1os de edad propietario de un taller ubicado en calle Libertad al 2300 refiere que dos mujeres se le hacen presente en el lugar vociferando amenazas verbales por problemas con un autom\u00f3vil.<\/p>\n\n\n\n<p>El otro caso corresponde a la denuncia por parte de una mujer de 33 a\u00f1os de edad que manifest\u00f3 a los efectivos policiales que alrededor de las 18 hs en el momento que circulaba por la v\u00eda p\u00fablica&nbsp; y llega justo donde una ciudadano que circulaba en una camioneta trataba de ingresar en un garage ubicado en calle Javier Rivero al 2300 intent\u00f3 atropellarla y posteriormente refiere insultos y amenazas verbales.<\/p>\n","protected":false},"excerpt":{"rendered":"<p>En la jornada de ayer la comisar\u00eda local recibi\u00f3 dos denuncias por amenazas en diferentes puntos de ciudad, en uno de ellos una mujer declar\u00f3 que quiso ser atropellada por un ciudadano en camioneta. En primer lugar un ciudadano de 57 a\u00f1os de edad propietario de un taller ubicado en calle Libertad al 2300 refiere [&hellip;]<\/p>\n","protected":false},"author":4,"featured_media":45394,"comment_status":"closed","ping_status":"closed","sticky":false,"template":"","format":"standard","meta":{"om_disable_all_campaigns":false,"_jetpack_memberships_contains_paid_content":false,"footnotes":""},"categories":[2,103],"tags":[],"class_list":["post-96964","post","type-post","status-publish","format-standard","has-post-thumbnail","hentry","category-locales","category-policiales-locales"],"aioseo_notices":[],"gutentor_comment":0,"jetpack_featured_media_url":"https:\/\/eldiariodesanpedro.com.ar\/sitio\/wp-content\/uploads\/2019\/01\/comisaria.jpg","jetpack_shortlink":"https:\/\/wp.me\/p6RhLt-pdW","jetpack_sharing_enabled":true,"_links":{"self":[{"href":"https:\/\/eldiariodesanpedro.com.ar\/sitio\/wp-json\/wp\/v2\/posts\/96964","targetHints":{"allow":["GET"]}}],"collection":[{"href":"https:\/\/eldiariodesanpedro.com.ar\/sitio\/wp-json\/wp\/v2\/posts"}],"about":[{"href":"https:\/\/eldiariodesanpedro.com.ar\/sitio\/wp-json\/wp\/v2\/types\/post"}],"author":[{"embeddable":true,"href":"https:\/\/eldiariodesanpedro.com.ar\/sitio\/wp-json\/wp\/v2\/users\/4"}],"replies":[{"embeddable":true,"href":"https:\/\/eldiariodesanpedro.com.ar\/sitio\/wp-json\/wp\/v2\/comments?post=96964"}],"version-history":[{"count":1,"href":"https:\/\/eldiariodesanpedro.com.ar\/sitio\/wp-json\/wp\/v2\/posts\/96964\/revisions"}],"predecessor-version":[{"id":96965,"href":"https:\/\/eldiariodesanpedro.com.ar\/sitio\/wp-json\/wp\/v2\/posts\/96964\/revisions\/96965"}],"wp:featuredmedia":[{"embeddable":true,"href":"https:\/\/eldiariodesanpedro.com.ar\/sitio\/wp-json\/wp\/v2\/media\/45394"}],"wp:attachment":[{"href":"https:\/\/eldiariodesanpedro.com.ar\/sitio\/wp-json\/wp\/v2\/media?parent=96964"}],"wp:term":[{"taxonomy":"category","embeddable":true,"href":"https:\/\/eldiariodesanpedro.com.ar\/sitio\/wp-json\/wp\/v2\/categories?post=96964"},{"taxonomy":"post_tag","embeddable":true,"href":"https:\/\/eldiariodesanpedro.com.ar\/sitio\/wp-json\/wp\/v2\/tags?post=96964"}],"curies":[{"name":"wp","href":"https:\/\/api.w.org\/{rel}","templated":true}]}}