{"id":96962,"date":"2021-08-05T12:29:54","date_gmt":"2021-08-05T15:29:54","guid":{"rendered":"https:\/\/eldiariodesanpedro.com.ar\/sitio\/?p=96962"},"modified":"2021-08-05T12:29:58","modified_gmt":"2021-08-05T15:29:58","slug":"agredio-a-su-ex-pareja-y-cuando-llego-la-policia-trato-de-quitarse-la-vida-frente-a-ellos","status":"publish","type":"post","link":"https:\/\/eldiariodesanpedro.com.ar\/sitio\/agredio-a-su-ex-pareja-y-cuando-llego-la-policia-trato-de-quitarse-la-vida-frente-a-ellos\/","title":{"rendered":"Agredi\u00f3 a su ex pareja y cuando lleg\u00f3 la polic\u00eda trat\u00f3 de quitarse la vida frente a ellos"},"content":{"rendered":"<!-- VideographyWP Plugin Message: Automatic video embedding prevented by plugin options. -->\n\n<p>En horas de la noche de este mi\u00e9rcoles el personal policial de nuestra ciudad fue alertado por un llamado al 911 por un hecho de violencia de g\u00e9nero acudiendo a calle Uruguay al 2900, lugar donde se encuentra con ciudadano de 42 a\u00f1os de edad en el interior de vivienda de ex pareja una mujer de 35 a\u00f1os, al momento de la llegada de los efectivos la femenina ya hab\u00eda sido trasladada al nosocomio local debido a los golpes que recibi\u00f3 por parte del agresor, caus\u00e1ndole lesiones leves.<\/p>\n\n\n\n<p>Ante presencia de efectivos policiales y al verse rodeado en la vivienda el masculino se autolesiono en cuello con arma blanca con intenciones de quitarse la vida, siendo asistido por los efectivos hasta la llegada de la ambulancia, la cual lo traslad\u00f3 hasta la guardia del&nbsp; hospital lugar donde permanece en observaci\u00f3n con custodia policial, sin riesgo de vida.&nbsp;<\/p>\n\n\n\n<p>El agresor poseia vigente medida cautelar de restricci\u00f3n perimetral, ademas de varias denuncias en su contra y la v\u00edctima fue asistida psicologicamente por la Comisaria de la Mujer y la Familia donde realizo la correspondiente denuncia.<\/p>\n","protected":false},"excerpt":{"rendered":"<p>En horas de la noche de este mi\u00e9rcoles el personal policial de nuestra ciudad fue alertado por un llamado al 911 por un hecho de violencia de g\u00e9nero acudiendo a calle Uruguay al 2900, lugar donde se encuentra con ciudadano de 42 a\u00f1os de edad en el interior de vivienda de ex pareja una mujer [&hellip;]<\/p>\n","protected":false},"author":4,"featured_media":80098,"comment_status":"closed","ping_status":"closed","sticky":false,"template":"","format":"standard","meta":{"om_disable_all_campaigns":false,"_jetpack_memberships_contains_paid_content":false,"footnotes":""},"categories":[50,2,103],"tags":[],"class_list":["post-96962","post","type-post","status-publish","format-standard","has-post-thumbnail","hentry","category-destacadas","category-locales","category-policiales-locales"],"aioseo_notices":[],"gutentor_comment":0,"jetpack_featured_media_url":"https:\/\/eldiariodesanpedro.com.ar\/sitio\/wp-content\/uploads\/2020\/08\/la-comisaria-de-la-mujer___w9ngJVkEw_640x361__1.jpg","jetpack_shortlink":"https:\/\/wp.me\/p6RhLt-pdU","jetpack_sharing_enabled":true,"_links":{"self":[{"href":"https:\/\/eldiariodesanpedro.com.ar\/sitio\/wp-json\/wp\/v2\/posts\/96962","targetHints":{"allow":["GET"]}}],"collection":[{"href":"https:\/\/eldiariodesanpedro.com.ar\/sitio\/wp-json\/wp\/v2\/posts"}],"about":[{"href":"https:\/\/eldiariodesanpedro.com.ar\/sitio\/wp-json\/wp\/v2\/types\/post"}],"author":[{"embeddable":true,"href":"https:\/\/eldiariodesanpedro.com.ar\/sitio\/wp-json\/wp\/v2\/users\/4"}],"replies":[{"embeddable":true,"href":"https:\/\/eldiariodesanpedro.com.ar\/sitio\/wp-json\/wp\/v2\/comments?post=96962"}],"version-history":[{"count":1,"href":"https:\/\/eldiariodesanpedro.com.ar\/sitio\/wp-json\/wp\/v2\/posts\/96962\/revisions"}],"predecessor-version":[{"id":96963,"href":"https:\/\/eldiariodesanpedro.com.ar\/sitio\/wp-json\/wp\/v2\/posts\/96962\/revisions\/96963"}],"wp:featuredmedia":[{"embeddable":true,"href":"https:\/\/eldiariodesanpedro.com.ar\/sitio\/wp-json\/wp\/v2\/media\/80098"}],"wp:attachment":[{"href":"https:\/\/eldiariodesanpedro.com.ar\/sitio\/wp-json\/wp\/v2\/media?parent=96962"}],"wp:term":[{"taxonomy":"category","embeddable":true,"href":"https:\/\/eldiariodesanpedro.com.ar\/sitio\/wp-json\/wp\/v2\/categories?post=96962"},{"taxonomy":"post_tag","embeddable":true,"href":"https:\/\/eldiariodesanpedro.com.ar\/sitio\/wp-json\/wp\/v2\/tags?post=96962"}],"curies":[{"name":"wp","href":"https:\/\/api.w.org\/{rel}","templated":true}]}}