{"id":96956,"date":"2021-08-05T12:12:35","date_gmt":"2021-08-05T15:12:35","guid":{"rendered":"https:\/\/eldiariodesanpedro.com.ar\/sitio\/?p=96956"},"modified":"2021-08-05T12:12:41","modified_gmt":"2021-08-05T15:12:41","slug":"la-liga-deportiva-infantil-celebra-sus-60-anos-de-vida","status":"publish","type":"post","link":"https:\/\/eldiariodesanpedro.com.ar\/sitio\/la-liga-deportiva-infantil-celebra-sus-60-anos-de-vida\/","title":{"rendered":"La Liga Deportiva Infantil celebra sus 60 a\u00f1os de vida"},"content":{"rendered":"<!-- VideographyWP Plugin Message: Automatic video embedding prevented by plugin options. -->\n\n<p>La entidad que rige en toda la regi\u00f3n festeja un nuevo aniversario y lo conmemor\u00f3 con un video institucional que repasa su historia en la voz de quienes fueron sus presidentes.\u00a0\u00a0<\/p>\n\n\n\n<p>La Liga Deportiva Infantil celebra este 4 de julio sus 60 a\u00f1os de vida. Toda una historia cargada de logros y an\u00e9cdotas, donde miles de ni\u00f1os dieron sus primeros pasos ilusionados con un futuro cargado de gloria.<\/p>\n\n\n\n<p>La entidad lo celebr\u00f3 con un video institucional que repasa la historia en la palabra de quienes escribieron cap\u00edtulo por cap\u00edtulo, desde Jorge Zamora, uno de sus fundadores, pasando por Miguel Bonda, Jorje Kasta, Jorge Bolla, Fernando Essers, Omar Paparini, Jorge Baca y Eduardo Ohiler, su actual presidente. El video concluye con el saludo de Jorge \u00abel Chino\u00bb Ben\u00edtez, quien pas\u00f3 por el f\u00fatbol infantil de la ciudad y luego triunfo en el f\u00fatbol profesional.&nbsp;<\/p>\n\n\n\n<p>SU HISTORIA<\/p>\n\n\n\n<p>El 4 de Agosto de 1961, un pu\u00f1ado de dirigentes se reunieron para redactar el acta constitucional de la Liga Deportiva Infantil de San Pedro.<br>En el pensamiento de sus fundadores siempre estuvo la idea de que los chicos pudieran jugar Torneos de F\u00fatbol de manera organizada. Mucho antes, San Pedro hab\u00eda conocido este deporte entre los ni\u00f1os, como los Torneos Evita y otros campeonatos comerciales con gran afluencia de p\u00fablico.<br>Tras aquel 4 de Agosto, los clubes participantes redactaron su Reglamento y Estatuto, dando inicio as\u00ed a la primera Liga en la Provincia de Buenos Aires. Desde hace 60 a\u00f1os, el envi\u00f3n del \u201cBaby F\u00fatbol\u201d, no conoci\u00f3 pausas.<br>En el recuerdo queda aquella primera reuni\u00f3n en la que participaron los dirigentes:&nbsp;Jorge Zamora, Juan Iparraguirre, Eduardo Bon, Guillermo Ribles y Fernando Cardoso por el Club Flecha,&nbsp;Jos\u00e9 Prado y Adolfo Rossi representando a los Boys Scauts,&nbsp;Daniel Rodriguez, Ruben Fandi y Raul Couiffignal, lo hicieron como dirigentes del Club Uni\u00f3n,&nbsp;Roberto Nadal e Ismael Castagnola por Yapeyu,&nbsp;Rodolgo Franchini lo hizo en de nombre del Club Talleres Y H\u00e9ctor Pozzi plasm\u00f3 su firma como representante del del Club Los Andes, \u00fanica entidad que desde aquella \u00e9poca sigue jugando en los Torneos de esta Liga de manera ininterrumpida.<br>Los primeros Torneos se disputaron en la cancha ubicada detr\u00e1s de la sede de los Bomberos Voluntarios. Los jugadores no pod\u00edan superar una determinada edad y ni medir m\u00e1s de 1.60mts. Al incorporarse el Club El Tanque la competencia se desarroll\u00f3 mayormente en su cancha ubicada donde hoy se encuentra la Escuela Industrial.<br>A aquella primera vez de futbol organizado, le siguieron otras etapas llegando la actividad a todos los barrios y mas tarde a las localidades vecinas.<br>Norberto Tosso fue el primer presidente que tuvo la Liga, mientras que Raul Couffignal ocup\u00f3 la secretaria, Guillermo Ribles fue el primer tesorero y Ruben Fandi el encargado de la Redacci\u00f3n de los estatutos.<br>Detr\u00e1s de los pasos de Tosso, le siguieron los dirigentes Jorge Azzoni y el Pastor Segura recordado por su libro de fichaje en su templo de calle San Martin.<br>A\u00f1os m\u00e1s tarde, David Franchini, reconocido por su trayectoria en el Club Flecha asume la presidencia, encabezando las Asambleas de Delegados en varios lugares, entre ellos el Estadio y en la Asistencia P\u00fablica, hoy Andar.<br>En aquellas d\u00e9cadas, comenzaba un sue\u00f1o que parec\u00eda inalcanzable: el de contar con sede propia.<br>Miguel Bonda, asume la presidencia interina tras el fallecimiento de David Franchini. Actualmente, contin\u00faa ligado al F\u00fatbol Infantil contabilizando 42 a\u00f1os como director t\u00e9cnico acompa\u00f1ando el sue\u00f1o de cientos de jugadores en distintos clubes.<br>En los a\u00f1os 80 Mario Leiva contin\u00faa el legado y encabeza el grupo de dirigentes que dan continuidad a la organizaci\u00f3n de diferentes competencias agrupados por edades y categor\u00edas.<br>Ya en los 90, Jorge Alberto Bolla, asume la presidencia con el \u00e1nimo de regresar a la competencia provincial a trav\u00e9s de la Federaci\u00f3n de F\u00fatbol Infantil de Buenos Aires (FEFIBA).<br>Con empe\u00f1o se logra la organizaci\u00f3n de torneos regionales en San Pedro y otras ciudades de la provincia. Por estos a\u00f1os se posibilita a los clubes contar con sus propios recursos a trav\u00e9s de la venta de entradas en cada jornada futbol\u00edstica.<br>La Liga fue sumando afiliaciones de clubes y un ahorro monetario constante. Segu\u00eda latente el sue\u00f1o de adquirir la casa propia. Por los a\u00f1os 90 las reuniones continuaban de manera itinerante desarroll\u00e1ndose en distintos lugares, entre ellos la sede de la LDS y en el Sal\u00f3n del Sindicato de Trabajadores Municipales.&nbsp;<br>En el a\u00f1o 1998, bajo la presidencia de Mario Kasta, la Liga Deportiva Infantil, felizmente pudo alcanzar el anhelo de la sede propia y logra adquirir el actual predio de la esquina de las calles Salta y Am\u00e9rica.<br>Durante gran parte del nuevo siglo, la Liga Deportiva Infantil fue dirigida por Fernando Esser, quien junto a un grupo de dirigentes mantuvieron la jerarqu\u00eda que hab\u00eda alcanzado la Liga en la Provincia con la participaci\u00f3n de diversos Torneos Provinciales donde San Pedro cosech\u00f3 decena de trofeos entre ellos el Torneo Provincial de Selecciones que se lleva a cabo todos los a\u00f1os en la ciudad de San Nicol\u00e1s.<br>A mediados de los a\u00f1os 2000, tras integrar varios cargos en gestiones anteriores, los Clubes deciden que Omar Paparini encabece al entidad madre del F\u00fatbol Infantil. Para ese entonces, General San Martin de P\u00e9rez Mill\u00e1n y los clubes infantiles de la ciudad de Baradero se afiliaron a la Liga y empezaron a participar de los diferentes Torneos con los clubes sampedrinos.<br>A partir del a\u00f1o 2008 y hasta el 2017, Jorge Bacca dirige los destinos de esta entidad. Bajo su gesti\u00f3n, entre otros proyectos, comienza a dictarse el Curso Anual de formaci\u00f3n de T\u00e9cnicos de F{utbol Infantil y la construcci\u00f3n del sal\u00f3n social, contiguo a la sala de reuniones.<br>Desde el 2017, la actual Comisi\u00f3n Directiva es presidida por Eduardo Oilher y otro objetivo comienza a marcar los pasos: avanzar con las gestiones y habilitar la incorporaci\u00f3n del F\u00fatbol Femenino Infantil en los Torneos de Liga. En el verano de 2020 antes de que la Pandemia de Covid 19 frenara la actividad durante m\u00e1s de un a\u00f1o, divididas en dos categor\u00edas pudieron jugar por primera vez un Torneo promocional.<br>Hoy la Liga Deportiva Infantil de San Pedro la integran dirigentes que contin\u00faan el legado de todos quienes alguna vez dedicaron su tiempo a la organizaci\u00f3n del F\u00fatbol Infantil, con el mismo entusiasmo que aquel 4 de Agosto de 1961.&nbsp;<br>Mas de 2000 jugadoras y jugadores de entre 6 y 12 a\u00f1os, visten los colores de 24 clubes de San Pedro, Baradero y P\u00e9rez Mill\u00e1n.&nbsp;<br>Felices 60 a\u00f1os. A los jugadores y jugadoras que transitaron su infancia en los clubes infantiles y dieron y dan alegr\u00eda con su juego en cada fecha.&nbsp;<br>Felices 60 a\u00f1os a las familias que sin importar el resultado alientan con el coraz\u00f3n.&nbsp;<br>Felices 60 a\u00f1os a los dirigentes que marcaron el camino y que a\u00fan hoy abrazan la dirigencia, a los colaboradores de las Subcomisiones, a los Directores T\u00e9cnicos que dedican tiempo en contener a los chicos y chicas dentro de los clubes y ense\u00f1ar el futbol en todas sus facetas.<br>Felices 60 a\u00f1os a las arbitras y \u00e1rbitros que acompa\u00f1an cada jornada, a los integrantes del Tribunal de Pena y a los Delegados y delegadas que semana a semana plasman las inquietudes de las instituciones que representan<br>Que la pelota siga rodando, y no se detenga!&nbsp;<br>Felices 60 a\u00f1os Liga Deportiva Infantil San Pedro&nbsp;<\/p>\n","protected":false},"excerpt":{"rendered":"<p>La entidad que rige en toda la regi\u00f3n festeja un nuevo aniversario y lo conmemor\u00f3 con un video institucional que repasa su historia en la voz de quienes fueron sus presidentes.\u00a0\u00a0 La Liga Deportiva Infantil celebra este 4 de julio sus 60 a\u00f1os de vida. Toda una historia cargada de logros y an\u00e9cdotas, donde miles [&hellip;]<\/p>\n","protected":false},"author":4,"featured_media":96957,"comment_status":"closed","ping_status":"closed","sticky":false,"template":"","format":"standard","meta":{"om_disable_all_campaigns":false,"_jetpack_memberships_contains_paid_content":false,"footnotes":""},"categories":[101,2],"tags":[],"class_list":["post-96956","post","type-post","status-publish","format-standard","has-post-thumbnail","hentry","category-interes-general-locales","category-locales"],"aioseo_notices":[],"gutentor_comment":0,"jetpack_featured_media_url":"https:\/\/eldiariodesanpedro.com.ar\/sitio\/wp-content\/uploads\/2021\/08\/000092757.jpg","jetpack_shortlink":"https:\/\/wp.me\/p6RhLt-pdO","jetpack_sharing_enabled":true,"_links":{"self":[{"href":"https:\/\/eldiariodesanpedro.com.ar\/sitio\/wp-json\/wp\/v2\/posts\/96956","targetHints":{"allow":["GET"]}}],"collection":[{"href":"https:\/\/eldiariodesanpedro.com.ar\/sitio\/wp-json\/wp\/v2\/posts"}],"about":[{"href":"https:\/\/eldiariodesanpedro.com.ar\/sitio\/wp-json\/wp\/v2\/types\/post"}],"author":[{"embeddable":true,"href":"https:\/\/eldiariodesanpedro.com.ar\/sitio\/wp-json\/wp\/v2\/users\/4"}],"replies":[{"embeddable":true,"href":"https:\/\/eldiariodesanpedro.com.ar\/sitio\/wp-json\/wp\/v2\/comments?post=96956"}],"version-history":[{"count":2,"href":"https:\/\/eldiariodesanpedro.com.ar\/sitio\/wp-json\/wp\/v2\/posts\/96956\/revisions"}],"predecessor-version":[{"id":96959,"href":"https:\/\/eldiariodesanpedro.com.ar\/sitio\/wp-json\/wp\/v2\/posts\/96956\/revisions\/96959"}],"wp:featuredmedia":[{"embeddable":true,"href":"https:\/\/eldiariodesanpedro.com.ar\/sitio\/wp-json\/wp\/v2\/media\/96957"}],"wp:attachment":[{"href":"https:\/\/eldiariodesanpedro.com.ar\/sitio\/wp-json\/wp\/v2\/media?parent=96956"}],"wp:term":[{"taxonomy":"category","embeddable":true,"href":"https:\/\/eldiariodesanpedro.com.ar\/sitio\/wp-json\/wp\/v2\/categories?post=96956"},{"taxonomy":"post_tag","embeddable":true,"href":"https:\/\/eldiariodesanpedro.com.ar\/sitio\/wp-json\/wp\/v2\/tags?post=96956"}],"curies":[{"name":"wp","href":"https:\/\/api.w.org\/{rel}","templated":true}]}}