{"id":96955,"date":"2021-08-05T12:19:48","date_gmt":"2021-08-05T15:19:48","guid":{"rendered":"https:\/\/eldiariodesanpedro.com.ar\/sitio\/?p=96955"},"modified":"2021-08-05T12:19:55","modified_gmt":"2021-08-05T15:19:55","slug":"robo-en-el-apart-club-los-asaltantes-tenian-mucha-informacion","status":"publish","type":"post","link":"https:\/\/eldiariodesanpedro.com.ar\/sitio\/robo-en-el-apart-club-los-asaltantes-tenian-mucha-informacion\/","title":{"rendered":"Robo en el Apart Club: \u201cLos asaltantes ten\u00edan mucha informaci\u00f3n\u201d"},"content":{"rendered":"<!-- VideographyWP Plugin Message: Automatic video embedding prevented by plugin options. -->\n\n<p>La fiscal\u00eda 11 est\u00e1 a cargo de la instrucci\u00f3n del caso. La Dra. Ramos habl\u00f3 en el aire de FM G\u00e9nesis y asegur\u00f3 que la banda conoc\u00eda todos los movimientos del barrio.<\/p>\n\n\n\n<p>La fiscal Viviana Ramos afirm\u00f3 que avanza la investigaci\u00f3n para esclarecer el asalto comando registrado en el complejo tur\u00edstico Apart Club San Pedro donde una familia fue v\u00edctima de este hecho con pocos precedentes.<\/p>\n\n\n\n<p>La titular de la Ufi 11 confirm\u00f3 que la banda contaba con datos precisos y ten\u00edan informaci\u00f3n sobre un empresario arrecife\u00f1o que ingresar\u00eda al lugar a esa hora.<\/p>\n\n\n\n<p>Se analizan los datos recogidos y las c\u00e1maras de seguridad de la zona para tratar de sumar datos a la instrucci\u00f3n tarea que est\u00e1 a cargo de la DDI.<\/p>\n\n\n\n<p>El robo se perpetr\u00f3 el lunes a la madrugada en uno de los loft que se encuentra ubicado en el segundo cuerpo del complejo tur\u00edstico.<\/p>\n\n\n\n<p>Los delincuentes se manejaron con informaci\u00f3n, conoc\u00edan la log\u00edstica del lugar y del personal de seguridad.<\/p>\n\n\n\n<p>Tomaron de reh\u00e9n a uno de los guardias y as\u00ed se dirigieron a uno de los departamentos para sorprender al matrimonio. Los amenazaron, ataron y pidieron que les entreguen un dinero que la familia no ten\u00eda.<\/p>\n\n\n\n<p>Igualmente algo de plata se llevaron y otras pertenec\u00edas como alhajas y celulares. Estaban vestidos con ropa oscura y borcegu\u00eds, armas sofisticadas, se manejaron con mucha tranquilidad y buen l\u00e9xico.<\/p>\n\n\n\n<p>Posteriormente se dieron a la fuga sin que nadie advirtiera lo que estaba sucediendo dejando maniatados a los guardias de seguridad y a los habitantes del departamento.<\/p>\n\n\n\n<p>Fuente: <a href=\"https:\/\/www.sanpedroinforma.com.ar\/nota\/124347\/interes-general\/robo-en-el-apart-club-los-asaltantes-tenian-mucha-informacion.html\">San Pedro Informa<\/a><\/p>\n","protected":false},"excerpt":{"rendered":"<p>La fiscal\u00eda 11 est\u00e1 a cargo de la instrucci\u00f3n del caso. La Dra. Ramos habl\u00f3 en el aire de FM G\u00e9nesis y asegur\u00f3 que la banda conoc\u00eda todos los movimientos del barrio. La fiscal Viviana Ramos afirm\u00f3 que avanza la investigaci\u00f3n para esclarecer el asalto comando registrado en el complejo tur\u00edstico Apart Club San Pedro [&hellip;]<\/p>\n","protected":false},"author":4,"featured_media":96960,"comment_status":"closed","ping_status":"closed","sticky":false,"template":"","format":"standard","meta":{"om_disable_all_campaigns":false,"_jetpack_memberships_contains_paid_content":false,"footnotes":""},"categories":[50,2,103],"tags":[],"class_list":["post-96955","post","type-post","status-publish","format-standard","has-post-thumbnail","hentry","category-destacadas","category-locales","category-policiales-locales"],"aioseo_notices":[],"gutentor_comment":0,"jetpack_featured_media_url":"https:\/\/eldiariodesanpedro.com.ar\/sitio\/wp-content\/uploads\/2021\/08\/000092765.jpg","jetpack_shortlink":"https:\/\/wp.me\/p6RhLt-pdN","jetpack_sharing_enabled":true,"_links":{"self":[{"href":"https:\/\/eldiariodesanpedro.com.ar\/sitio\/wp-json\/wp\/v2\/posts\/96955","targetHints":{"allow":["GET"]}}],"collection":[{"href":"https:\/\/eldiariodesanpedro.com.ar\/sitio\/wp-json\/wp\/v2\/posts"}],"about":[{"href":"https:\/\/eldiariodesanpedro.com.ar\/sitio\/wp-json\/wp\/v2\/types\/post"}],"author":[{"embeddable":true,"href":"https:\/\/eldiariodesanpedro.com.ar\/sitio\/wp-json\/wp\/v2\/users\/4"}],"replies":[{"embeddable":true,"href":"https:\/\/eldiariodesanpedro.com.ar\/sitio\/wp-json\/wp\/v2\/comments?post=96955"}],"version-history":[{"count":1,"href":"https:\/\/eldiariodesanpedro.com.ar\/sitio\/wp-json\/wp\/v2\/posts\/96955\/revisions"}],"predecessor-version":[{"id":96961,"href":"https:\/\/eldiariodesanpedro.com.ar\/sitio\/wp-json\/wp\/v2\/posts\/96955\/revisions\/96961"}],"wp:featuredmedia":[{"embeddable":true,"href":"https:\/\/eldiariodesanpedro.com.ar\/sitio\/wp-json\/wp\/v2\/media\/96960"}],"wp:attachment":[{"href":"https:\/\/eldiariodesanpedro.com.ar\/sitio\/wp-json\/wp\/v2\/media?parent=96955"}],"wp:term":[{"taxonomy":"category","embeddable":true,"href":"https:\/\/eldiariodesanpedro.com.ar\/sitio\/wp-json\/wp\/v2\/categories?post=96955"},{"taxonomy":"post_tag","embeddable":true,"href":"https:\/\/eldiariodesanpedro.com.ar\/sitio\/wp-json\/wp\/v2\/tags?post=96955"}],"curies":[{"name":"wp","href":"https:\/\/api.w.org\/{rel}","templated":true}]}}