{"id":96952,"date":"2021-08-05T09:58:30","date_gmt":"2021-08-05T12:58:30","guid":{"rendered":"https:\/\/eldiariodesanpedro.com.ar\/sitio\/?p=96952"},"modified":"2021-08-05T09:58:34","modified_gmt":"2021-08-05T12:58:34","slug":"yo-ya-gane-gracias-a-todos-los-que-me-apoyaron-di-mas-de-lo-que-tenia-para-dar-los-amo","status":"publish","type":"post","link":"https:\/\/eldiariodesanpedro.com.ar\/sitio\/yo-ya-gane-gracias-a-todos-los-que-me-apoyaron-di-mas-de-lo-que-tenia-para-dar-los-amo\/","title":{"rendered":"\u00abYo ya gan\u00e9! GRACIAS a todos los que me apoyaron! Di m\u00e1s de lo que ten\u00eda para dar, los amo\u00bb"},"content":{"rendered":"<!-- VideographyWP Plugin Message: Automatic video embedding prevented by plugin options. -->\n\n<p>La samp\u00e8drina finaliz\u00f3 s\u00e9ptima\u00a0y \u00faltima en la semifinal n\u00famero 4 del K1 500 metros femenino de canotaje.<\/p>\n\n\n\n<p>La argentina Brenda Rojas culmin\u00f3 su intervenci\u00f3n en los Juegos Ol\u00edmpicos de Tokio 2020, al finalizar s\u00e9ptima y \u00faltima en la semifinal n\u00famero 4 del K1 500 metros femenino de canotaje en la capital japonesa.<\/p>\n\n\n\n<p>La palista bonaerense, de 25 a\u00f1os, cerr\u00f3 su tarea en el Canal Sea Forest con un tiempo de 1m. 58s. 301\/1000, con lo que se ubic\u00f3 a m\u00e1s de 6 segundos de la ganadora de la manga, la neocelandesa Lisa Carrington, doble bicampeona ol\u00edmpica.<\/p>\n\n\n\n<p>La oriunda de la ciudad de nuestra ciudad result\u00f3 marginada, inclusive, de la final C de la modalidad, a la que accedieron la eslovena Anja Osterman (quinta) y la francesa Manon Hostens (sexta).<\/p>\n\n\n\n<p>Rojas cumpliment\u00f3 en Tokio su segunda experiencia ol\u00edmpica, ya que en R\u00edo de Janeiro 2016 hab\u00eda alcanzado el decimotercer lugar en K4 500.<\/p>\n\n\n\n<p>La kayakista argentina ostenta dos medallas de bronce en la modalidad K4 500 en los Juegos Panamericanos Toronto 2015 y Lima 2019.<\/p>\n\n\n\n<p>La neocelandesa Carrington, ganadora del oro en Londres 2012 y R\u00edo de Janeiro 2016, se perfila para sumar su tercer t\u00edtulo consecutivo, arrollando esta noche en la serie con un registro de 1m. 51s. 680\/1000<\/p>\n\n\n\n<p>Tambi\u00e9n se clasific\u00f3 para la final A la australiana Alyce Wood, que lleg\u00f3 a 1s. 399\/1000.<\/p>\n\n\n\n<p>Los otros calificados en la pugna por medallas ser\u00e1n Tamara Csipes (Hungr\u00eda), Hermien Peters (B\u00e9lgica), Danuta Kozak (Hungr\u00eda), Teresa Portela (Portugal), Linnea Stensils (Suecia) y Emma Jorgensen (Dinamarca).<\/p>\n","protected":false},"excerpt":{"rendered":"<p>La samp\u00e8drina finaliz\u00f3 s\u00e9ptima\u00a0y \u00faltima en la semifinal n\u00famero 4 del K1 500 metros femenino de canotaje. La argentina Brenda Rojas culmin\u00f3 su intervenci\u00f3n en los Juegos Ol\u00edmpicos de Tokio 2020, al finalizar s\u00e9ptima y \u00faltima en la semifinal n\u00famero 4 del K1 500 metros femenino de canotaje en la capital japonesa. La palista bonaerense, [&hellip;]<\/p>\n","protected":false},"author":4,"featured_media":96953,"comment_status":"closed","ping_status":"closed","sticky":false,"template":"","format":"standard","meta":{"om_disable_all_campaigns":false,"_jetpack_memberships_contains_paid_content":false,"footnotes":""},"categories":[50,101,2],"tags":[],"class_list":["post-96952","post","type-post","status-publish","format-standard","has-post-thumbnail","hentry","category-destacadas","category-interes-general-locales","category-locales"],"aioseo_notices":[],"gutentor_comment":0,"jetpack_featured_media_url":"https:\/\/eldiariodesanpedro.com.ar\/sitio\/wp-content\/uploads\/2021\/08\/218712265_4474061955979992_5003718800229383282_n.jpg","jetpack_shortlink":"https:\/\/wp.me\/p6RhLt-pdK","jetpack_sharing_enabled":true,"_links":{"self":[{"href":"https:\/\/eldiariodesanpedro.com.ar\/sitio\/wp-json\/wp\/v2\/posts\/96952","targetHints":{"allow":["GET"]}}],"collection":[{"href":"https:\/\/eldiariodesanpedro.com.ar\/sitio\/wp-json\/wp\/v2\/posts"}],"about":[{"href":"https:\/\/eldiariodesanpedro.com.ar\/sitio\/wp-json\/wp\/v2\/types\/post"}],"author":[{"embeddable":true,"href":"https:\/\/eldiariodesanpedro.com.ar\/sitio\/wp-json\/wp\/v2\/users\/4"}],"replies":[{"embeddable":true,"href":"https:\/\/eldiariodesanpedro.com.ar\/sitio\/wp-json\/wp\/v2\/comments?post=96952"}],"version-history":[{"count":1,"href":"https:\/\/eldiariodesanpedro.com.ar\/sitio\/wp-json\/wp\/v2\/posts\/96952\/revisions"}],"predecessor-version":[{"id":96954,"href":"https:\/\/eldiariodesanpedro.com.ar\/sitio\/wp-json\/wp\/v2\/posts\/96952\/revisions\/96954"}],"wp:featuredmedia":[{"embeddable":true,"href":"https:\/\/eldiariodesanpedro.com.ar\/sitio\/wp-json\/wp\/v2\/media\/96953"}],"wp:attachment":[{"href":"https:\/\/eldiariodesanpedro.com.ar\/sitio\/wp-json\/wp\/v2\/media?parent=96952"}],"wp:term":[{"taxonomy":"category","embeddable":true,"href":"https:\/\/eldiariodesanpedro.com.ar\/sitio\/wp-json\/wp\/v2\/categories?post=96952"},{"taxonomy":"post_tag","embeddable":true,"href":"https:\/\/eldiariodesanpedro.com.ar\/sitio\/wp-json\/wp\/v2\/tags?post=96952"}],"curies":[{"name":"wp","href":"https:\/\/api.w.org\/{rel}","templated":true}]}}