{"id":96948,"date":"2021-08-04T19:58:34","date_gmt":"2021-08-04T22:58:34","guid":{"rendered":"https:\/\/eldiariodesanpedro.com.ar\/sitio\/?p=96948"},"modified":"2021-08-04T19:58:40","modified_gmt":"2021-08-04T22:58:40","slug":"coopser-informa-corte-de-energia-programado-para-este-jueves-2","status":"publish","type":"post","link":"https:\/\/eldiariodesanpedro.com.ar\/sitio\/coopser-informa-corte-de-energia-programado-para-este-jueves-2\/","title":{"rendered":"Coopser Informa corte de energ\u00eda programado para este jueves"},"content":{"rendered":"<!-- VideographyWP Plugin Message: Automatic video embedding prevented by plugin options. -->\n\n<p>COOPSER informa que ma\u00f1ana jueves 5 de agosto se cumplir\u00e1 con un corte de energ\u00eda para tareas de mantenimiento en el horario de 8 a 13 cubriendo la siguiente zona:<\/p>\n\n\n\n<p>Ruta 191 desde el KM 20 al 28. Adem\u00e1s incluir\u00e1 las derivaciones de La Rosada, Callej\u00f3n Almar, Callej\u00f3n Biaggi y Callej\u00f3n Piccagli.<\/p>\n","protected":false},"excerpt":{"rendered":"<p>COOPSER informa que ma\u00f1ana jueves 5 de agosto se cumplir\u00e1 con un corte de energ\u00eda para tareas de mantenimiento en el horario de 8 a 13 cubriendo la siguiente zona: Ruta 191 desde el KM 20 al 28. Adem\u00e1s incluir\u00e1 las derivaciones de La Rosada, Callej\u00f3n Almar, Callej\u00f3n Biaggi y Callej\u00f3n Piccagli.<\/p>\n","protected":false},"author":4,"featured_media":79058,"comment_status":"closed","ping_status":"closed","sticky":false,"template":"","format":"standard","meta":{"om_disable_all_campaigns":false,"_jetpack_memberships_contains_paid_content":false,"footnotes":""},"categories":[101,2],"tags":[],"class_list":["post-96948","post","type-post","status-publish","format-standard","has-post-thumbnail","hentry","category-interes-general-locales","category-locales"],"aioseo_notices":[],"gutentor_comment":0,"jetpack_featured_media_url":"https:\/\/eldiariodesanpedro.com.ar\/sitio\/wp-content\/uploads\/2020\/08\/archivo-coopser.jpeg","jetpack_shortlink":"https:\/\/wp.me\/p6RhLt-pdG","jetpack_sharing_enabled":true,"_links":{"self":[{"href":"https:\/\/eldiariodesanpedro.com.ar\/sitio\/wp-json\/wp\/v2\/posts\/96948","targetHints":{"allow":["GET"]}}],"collection":[{"href":"https:\/\/eldiariodesanpedro.com.ar\/sitio\/wp-json\/wp\/v2\/posts"}],"about":[{"href":"https:\/\/eldiariodesanpedro.com.ar\/sitio\/wp-json\/wp\/v2\/types\/post"}],"author":[{"embeddable":true,"href":"https:\/\/eldiariodesanpedro.com.ar\/sitio\/wp-json\/wp\/v2\/users\/4"}],"replies":[{"embeddable":true,"href":"https:\/\/eldiariodesanpedro.com.ar\/sitio\/wp-json\/wp\/v2\/comments?post=96948"}],"version-history":[{"count":1,"href":"https:\/\/eldiariodesanpedro.com.ar\/sitio\/wp-json\/wp\/v2\/posts\/96948\/revisions"}],"predecessor-version":[{"id":96949,"href":"https:\/\/eldiariodesanpedro.com.ar\/sitio\/wp-json\/wp\/v2\/posts\/96948\/revisions\/96949"}],"wp:featuredmedia":[{"embeddable":true,"href":"https:\/\/eldiariodesanpedro.com.ar\/sitio\/wp-json\/wp\/v2\/media\/79058"}],"wp:attachment":[{"href":"https:\/\/eldiariodesanpedro.com.ar\/sitio\/wp-json\/wp\/v2\/media?parent=96948"}],"wp:term":[{"taxonomy":"category","embeddable":true,"href":"https:\/\/eldiariodesanpedro.com.ar\/sitio\/wp-json\/wp\/v2\/categories?post=96948"},{"taxonomy":"post_tag","embeddable":true,"href":"https:\/\/eldiariodesanpedro.com.ar\/sitio\/wp-json\/wp\/v2\/tags?post=96948"}],"curies":[{"name":"wp","href":"https:\/\/api.w.org\/{rel}","templated":true}]}}