{"id":96917,"date":"2021-08-04T12:04:37","date_gmt":"2021-08-04T15:04:37","guid":{"rendered":"https:\/\/eldiariodesanpedro.com.ar\/sitio\/?p=96917"},"modified":"2021-08-04T12:04:38","modified_gmt":"2021-08-04T15:04:38","slug":"un-ciudadano-aprehendido-por-violar-restriccion-perimetral","status":"publish","type":"post","link":"https:\/\/eldiariodesanpedro.com.ar\/sitio\/un-ciudadano-aprehendido-por-violar-restriccion-perimetral\/","title":{"rendered":"Un ciudadano aprehendido por violar restriccion perimetral"},"content":{"rendered":"<!-- VideographyWP Plugin Message: Automatic video embedding prevented by plugin options. -->\n\n<p>En la jornada de ayer la polic\u00eda intervino en la aprehensi\u00f3n de un hombre que viol\u00f3 una perimetral con otro ciudadano.<\/p>\n\n\n\n<p>En horas de la noche de este martes el personal policial se hace presente en calle Mateo Sbert y Riobamba donde aprehendi\u00f3 a ciudadano de 52 a\u00f1os quien posee un per\u00edmetro de acercamiento contra otro masculino por 300 metros y se hallaba a escasos&nbsp; metros del&nbsp; domicilio del denunciante.&nbsp;<\/p>\n","protected":false},"excerpt":{"rendered":"<p>En la jornada de ayer la polic\u00eda intervino en la aprehensi\u00f3n de un hombre que viol\u00f3 una perimetral con otro ciudadano. En horas de la noche de este martes el personal policial se hace presente en calle Mateo Sbert y Riobamba donde aprehendi\u00f3 a ciudadano de 52 a\u00f1os quien posee un per\u00edmetro de acercamiento contra [&hellip;]<\/p>\n","protected":false},"author":4,"featured_media":96918,"comment_status":"closed","ping_status":"closed","sticky":false,"template":"","format":"standard","meta":{"om_disable_all_campaigns":false,"_jetpack_memberships_contains_paid_content":false,"footnotes":""},"categories":[2,103],"tags":[],"class_list":["post-96917","post","type-post","status-publish","format-standard","has-post-thumbnail","hentry","category-locales","category-policiales-locales"],"aioseo_notices":[],"gutentor_comment":0,"jetpack_featured_media_url":"https:\/\/eldiariodesanpedro.com.ar\/sitio\/wp-content\/uploads\/2021\/08\/14.jpg","jetpack_shortlink":"https:\/\/wp.me\/p6RhLt-pdb","jetpack_sharing_enabled":true,"_links":{"self":[{"href":"https:\/\/eldiariodesanpedro.com.ar\/sitio\/wp-json\/wp\/v2\/posts\/96917","targetHints":{"allow":["GET"]}}],"collection":[{"href":"https:\/\/eldiariodesanpedro.com.ar\/sitio\/wp-json\/wp\/v2\/posts"}],"about":[{"href":"https:\/\/eldiariodesanpedro.com.ar\/sitio\/wp-json\/wp\/v2\/types\/post"}],"author":[{"embeddable":true,"href":"https:\/\/eldiariodesanpedro.com.ar\/sitio\/wp-json\/wp\/v2\/users\/4"}],"replies":[{"embeddable":true,"href":"https:\/\/eldiariodesanpedro.com.ar\/sitio\/wp-json\/wp\/v2\/comments?post=96917"}],"version-history":[{"count":1,"href":"https:\/\/eldiariodesanpedro.com.ar\/sitio\/wp-json\/wp\/v2\/posts\/96917\/revisions"}],"predecessor-version":[{"id":96919,"href":"https:\/\/eldiariodesanpedro.com.ar\/sitio\/wp-json\/wp\/v2\/posts\/96917\/revisions\/96919"}],"wp:featuredmedia":[{"embeddable":true,"href":"https:\/\/eldiariodesanpedro.com.ar\/sitio\/wp-json\/wp\/v2\/media\/96918"}],"wp:attachment":[{"href":"https:\/\/eldiariodesanpedro.com.ar\/sitio\/wp-json\/wp\/v2\/media?parent=96917"}],"wp:term":[{"taxonomy":"category","embeddable":true,"href":"https:\/\/eldiariodesanpedro.com.ar\/sitio\/wp-json\/wp\/v2\/categories?post=96917"},{"taxonomy":"post_tag","embeddable":true,"href":"https:\/\/eldiariodesanpedro.com.ar\/sitio\/wp-json\/wp\/v2\/tags?post=96917"}],"curies":[{"name":"wp","href":"https:\/\/api.w.org\/{rel}","templated":true}]}}