{"id":96913,"date":"2021-08-04T11:55:00","date_gmt":"2021-08-04T14:55:00","guid":{"rendered":"https:\/\/eldiariodesanpedro.com.ar\/sitio\/?p=96913"},"modified":"2021-08-04T11:56:54","modified_gmt":"2021-08-04T14:56:54","slug":"se-secuestraron-dos-motocicletas-a-menores-en-santa-lucia","status":"publish","type":"post","link":"https:\/\/eldiariodesanpedro.com.ar\/sitio\/se-secuestraron-dos-motocicletas-a-menores-en-santa-lucia\/","title":{"rendered":"Se secuestraron dos motocicletas a menores en Santa Luc\u00eda"},"content":{"rendered":"<!-- VideographyWP Plugin Message: Automatic video embedding prevented by plugin options. -->\n\n<p>Este martes en la localidad de Santa Luc\u00eda, el personal policial del destacamento de esa localidad en calle\u00a0 Belgrano y Maip\u00fa, intercepta dos motocicletas las cuales eran guiadas por j\u00f3venes de 17 a\u00f1os\u00a0 quienes no pose\u00edan documentaci\u00f3n habilitante para circular a acorde a su edad y casco obligatorio, presentando tambi\u00e9n ambos rodados scapes defectuosos.<\/p>\n","protected":false},"excerpt":{"rendered":"<p>Este martes en la localidad de Santa Luc\u00eda, el personal policial del destacamento de esa localidad en calle\u00a0 Belgrano y Maip\u00fa, intercepta dos motocicletas las cuales eran guiadas por j\u00f3venes de 17 a\u00f1os\u00a0 quienes no pose\u00edan documentaci\u00f3n habilitante para circular a acorde a su edad y casco obligatorio, presentando tambi\u00e9n ambos rodados scapes defectuosos.<\/p>\n","protected":false},"author":4,"featured_media":96916,"comment_status":"closed","ping_status":"closed","sticky":false,"template":"","format":"standard","meta":{"om_disable_all_campaigns":false,"_jetpack_memberships_contains_paid_content":false,"footnotes":""},"categories":[2,103],"tags":[],"class_list":["post-96913","post","type-post","status-publish","format-standard","has-post-thumbnail","hentry","category-locales","category-policiales-locales"],"aioseo_notices":[],"gutentor_comment":0,"jetpack_featured_media_url":"https:\/\/eldiariodesanpedro.com.ar\/sitio\/wp-content\/uploads\/2021\/08\/13.jpg","jetpack_shortlink":"https:\/\/wp.me\/p6RhLt-pd7","jetpack_sharing_enabled":true,"_links":{"self":[{"href":"https:\/\/eldiariodesanpedro.com.ar\/sitio\/wp-json\/wp\/v2\/posts\/96913","targetHints":{"allow":["GET"]}}],"collection":[{"href":"https:\/\/eldiariodesanpedro.com.ar\/sitio\/wp-json\/wp\/v2\/posts"}],"about":[{"href":"https:\/\/eldiariodesanpedro.com.ar\/sitio\/wp-json\/wp\/v2\/types\/post"}],"author":[{"embeddable":true,"href":"https:\/\/eldiariodesanpedro.com.ar\/sitio\/wp-json\/wp\/v2\/users\/4"}],"replies":[{"embeddable":true,"href":"https:\/\/eldiariodesanpedro.com.ar\/sitio\/wp-json\/wp\/v2\/comments?post=96913"}],"version-history":[{"count":1,"href":"https:\/\/eldiariodesanpedro.com.ar\/sitio\/wp-json\/wp\/v2\/posts\/96913\/revisions"}],"predecessor-version":[{"id":96914,"href":"https:\/\/eldiariodesanpedro.com.ar\/sitio\/wp-json\/wp\/v2\/posts\/96913\/revisions\/96914"}],"wp:featuredmedia":[{"embeddable":true,"href":"https:\/\/eldiariodesanpedro.com.ar\/sitio\/wp-json\/wp\/v2\/media\/96916"}],"wp:attachment":[{"href":"https:\/\/eldiariodesanpedro.com.ar\/sitio\/wp-json\/wp\/v2\/media?parent=96913"}],"wp:term":[{"taxonomy":"category","embeddable":true,"href":"https:\/\/eldiariodesanpedro.com.ar\/sitio\/wp-json\/wp\/v2\/categories?post=96913"},{"taxonomy":"post_tag","embeddable":true,"href":"https:\/\/eldiariodesanpedro.com.ar\/sitio\/wp-json\/wp\/v2\/tags?post=96913"}],"curies":[{"name":"wp","href":"https:\/\/api.w.org\/{rel}","templated":true}]}}