{"id":96911,"date":"2021-08-04T11:46:04","date_gmt":"2021-08-04T14:46:04","guid":{"rendered":"https:\/\/eldiariodesanpedro.com.ar\/sitio\/?p=96911"},"modified":"2021-08-04T11:46:09","modified_gmt":"2021-08-04T14:46:09","slug":"se-recibieron-dos-denuncias-por-conflictos","status":"publish","type":"post","link":"https:\/\/eldiariodesanpedro.com.ar\/sitio\/se-recibieron-dos-denuncias-por-conflictos\/","title":{"rendered":"Se recibieron dos denuncias por conflictos"},"content":{"rendered":"<!-- VideographyWP Plugin Message: Automatic video embedding prevented by plugin options. -->\n\n<p>En la jornada de ayer se recepcionaron dos denuncias por parte de ciudadanos con conflictos.<\/p>\n\n\n\n<p>En horas de la tarde de ayer se recepcion\u00f3 una denuncia en la comisar\u00eda local por parte de un joven de 20 a\u00f1os, quien da cuenta que en momentos en que se presenta en domicilio de\u00a0 Av.\u00a0 3 de Febrero al 2800 a retirar pertenec\u00edas de su sobrina quien era inquilina en el lugar recibe amenazas verbales por parte de quien ser\u00eda el propietario del lugar, un masculino mayor de edad.\u00a0 <\/p>\n\n\n\n<p>Asimismo se recepcion\u00f3 denuncia a ciudadano de 38 a\u00f1os quien refiere que en momentos que se encontraba en calle Libertad al 2300 se presentan 2 femeninas vecinas del lugar quienes comienzan a proferir amenazas por motivos de un veh\u00edculo.\u00a0<strong>\u00a0<\/strong><\/p>\n","protected":false},"excerpt":{"rendered":"<p>En la jornada de ayer se recepcionaron dos denuncias por parte de ciudadanos con conflictos. En horas de la tarde de ayer se recepcion\u00f3 una denuncia en la comisar\u00eda local por parte de un joven de 20 a\u00f1os, quien da cuenta que en momentos en que se presenta en domicilio de\u00a0 Av.\u00a0 3 de Febrero [&hellip;]<\/p>\n","protected":false},"author":4,"featured_media":45394,"comment_status":"closed","ping_status":"closed","sticky":false,"template":"","format":"standard","meta":{"om_disable_all_campaigns":false,"_jetpack_memberships_contains_paid_content":false,"footnotes":""},"categories":[2,103],"tags":[],"class_list":["post-96911","post","type-post","status-publish","format-standard","has-post-thumbnail","hentry","category-locales","category-policiales-locales"],"aioseo_notices":[],"gutentor_comment":0,"jetpack_featured_media_url":"https:\/\/eldiariodesanpedro.com.ar\/sitio\/wp-content\/uploads\/2019\/01\/comisaria.jpg","jetpack_shortlink":"https:\/\/wp.me\/p6RhLt-pd5","jetpack_sharing_enabled":true,"_links":{"self":[{"href":"https:\/\/eldiariodesanpedro.com.ar\/sitio\/wp-json\/wp\/v2\/posts\/96911","targetHints":{"allow":["GET"]}}],"collection":[{"href":"https:\/\/eldiariodesanpedro.com.ar\/sitio\/wp-json\/wp\/v2\/posts"}],"about":[{"href":"https:\/\/eldiariodesanpedro.com.ar\/sitio\/wp-json\/wp\/v2\/types\/post"}],"author":[{"embeddable":true,"href":"https:\/\/eldiariodesanpedro.com.ar\/sitio\/wp-json\/wp\/v2\/users\/4"}],"replies":[{"embeddable":true,"href":"https:\/\/eldiariodesanpedro.com.ar\/sitio\/wp-json\/wp\/v2\/comments?post=96911"}],"version-history":[{"count":1,"href":"https:\/\/eldiariodesanpedro.com.ar\/sitio\/wp-json\/wp\/v2\/posts\/96911\/revisions"}],"predecessor-version":[{"id":96912,"href":"https:\/\/eldiariodesanpedro.com.ar\/sitio\/wp-json\/wp\/v2\/posts\/96911\/revisions\/96912"}],"wp:featuredmedia":[{"embeddable":true,"href":"https:\/\/eldiariodesanpedro.com.ar\/sitio\/wp-json\/wp\/v2\/media\/45394"}],"wp:attachment":[{"href":"https:\/\/eldiariodesanpedro.com.ar\/sitio\/wp-json\/wp\/v2\/media?parent=96911"}],"wp:term":[{"taxonomy":"category","embeddable":true,"href":"https:\/\/eldiariodesanpedro.com.ar\/sitio\/wp-json\/wp\/v2\/categories?post=96911"},{"taxonomy":"post_tag","embeddable":true,"href":"https:\/\/eldiariodesanpedro.com.ar\/sitio\/wp-json\/wp\/v2\/tags?post=96911"}],"curies":[{"name":"wp","href":"https:\/\/api.w.org\/{rel}","templated":true}]}}