{"id":96907,"date":"2021-08-04T11:36:46","date_gmt":"2021-08-04T14:36:46","guid":{"rendered":"https:\/\/eldiariodesanpedro.com.ar\/sitio\/?p=96907"},"modified":"2021-08-04T11:36:51","modified_gmt":"2021-08-04T14:36:51","slug":"una-mujer-aprehendida-que-se-escapo-de-un-neuropsiquiatrico-de-lomas-de-zamora","status":"publish","type":"post","link":"https:\/\/eldiariodesanpedro.com.ar\/sitio\/una-mujer-aprehendida-que-se-escapo-de-un-neuropsiquiatrico-de-lomas-de-zamora\/","title":{"rendered":"Una mujer aprehendida que se escap\u00f3 de un neuropsiqui\u00e1trico de Lomas de Zamora"},"content":{"rendered":"<!-- VideographyWP Plugin Message: Automatic video embedding prevented by plugin options. -->\n\n<p>Este martes en horas de la ma\u00f1ana el personal policial de nuestra ciudad se hace presente en calle Arnaldo y Pellegrini desde donde traslada a una mujer de 29 a\u00f1os de edad, quien posee pedido de captura por fuga de instituto neuropsiqui\u00e1trico&nbsp; a requerimiento de&nbsp; Unidad Funcional de Instrucci\u00f3n N\u00b0 2 de Lomas de Zamora, con la cual no se adopta medida restrictiva de la libertad.<\/p>\n\n\n\n<p>La joven fue trasladada a la comisar\u00eda local desde donde despu\u00e9s ser\u00e1 trasladada al neuropsiqui\u00e1trico.<\/p>\n\n\n\n<figure class=\"wp-block-image size-large\"><img decoding=\"async\" width=\"628\" height=\"687\" data-attachment-id=\"96909\" data-permalink=\"https:\/\/eldiariodesanpedro.com.ar\/sitio\/una-mujer-aprehendida-que-se-escapo-de-un-neuropsiquiatrico-de-lomas-de-zamora\/whatsapp-image-2021-08-04-at-10-06-02\/\" data-orig-file=\"https:\/\/eldiariodesanpedro.com.ar\/sitio\/wp-content\/uploads\/2021\/08\/WhatsApp-Image-2021-08-04-at-10.06.02.jpeg\" data-orig-size=\"628,687\" data-comments-opened=\"0\" data-image-meta=\"{&quot;aperture&quot;:&quot;0&quot;,&quot;credit&quot;:&quot;&quot;,&quot;camera&quot;:&quot;&quot;,&quot;caption&quot;:&quot;&quot;,&quot;created_timestamp&quot;:&quot;0&quot;,&quot;copyright&quot;:&quot;&quot;,&quot;focal_length&quot;:&quot;0&quot;,&quot;iso&quot;:&quot;0&quot;,&quot;shutter_speed&quot;:&quot;0&quot;,&quot;title&quot;:&quot;&quot;,&quot;orientation&quot;:&quot;0&quot;}\" data-image-title=\"WhatsApp-Image-2021-08-04-at-10.06.02\" data-image-description=\"\" data-image-caption=\"\" data-large-file=\"https:\/\/eldiariodesanpedro.com.ar\/sitio\/wp-content\/uploads\/2021\/08\/WhatsApp-Image-2021-08-04-at-10.06.02.jpeg\" data-src=\"https:\/\/eldiariodesanpedro.com.ar\/sitio\/wp-content\/uploads\/2021\/08\/WhatsApp-Image-2021-08-04-at-10.06.02.jpeg\" alt=\"\" class=\"wp-image-96909 lazyload\" data-srcset=\"https:\/\/eldiariodesanpedro.com.ar\/sitio\/wp-content\/uploads\/2021\/08\/WhatsApp-Image-2021-08-04-at-10.06.02.jpeg 628w, https:\/\/eldiariodesanpedro.com.ar\/sitio\/wp-content\/uploads\/2021\/08\/WhatsApp-Image-2021-08-04-at-10.06.02-274x300.jpeg 274w\" data-sizes=\"(max-width: 628px) 100vw, 628px\" src=\"data:image\/svg+xml;base64,PHN2ZyB3aWR0aD0iMSIgaGVpZ2h0PSIxIiB4bWxucz0iaHR0cDovL3d3dy53My5vcmcvMjAwMC9zdmciPjwvc3ZnPg==\" style=\"--smush-placeholder-width: 628px; --smush-placeholder-aspect-ratio: 628\/687;\" \/><\/figure>\n","protected":false},"excerpt":{"rendered":"<p>Este martes en horas de la ma\u00f1ana el personal policial de nuestra ciudad se hace presente en calle Arnaldo y Pellegrini desde donde traslada a una mujer de 29 a\u00f1os de edad, quien posee pedido de captura por fuga de instituto neuropsiqui\u00e1trico&nbsp; a requerimiento de&nbsp; Unidad Funcional de Instrucci\u00f3n N\u00b0 2 de Lomas de Zamora, [&hellip;]<\/p>\n","protected":false},"author":4,"featured_media":96908,"comment_status":"closed","ping_status":"closed","sticky":false,"template":"","format":"standard","meta":{"om_disable_all_campaigns":false,"_jetpack_memberships_contains_paid_content":false,"footnotes":""},"categories":[2,103],"tags":[],"class_list":["post-96907","post","type-post","status-publish","format-standard","has-post-thumbnail","hentry","category-locales","category-policiales-locales"],"aioseo_notices":[],"gutentor_comment":0,"jetpack_featured_media_url":"https:\/\/eldiariodesanpedro.com.ar\/sitio\/wp-content\/uploads\/2021\/08\/12.jpg","jetpack_shortlink":"https:\/\/wp.me\/p6RhLt-pd1","jetpack_sharing_enabled":true,"_links":{"self":[{"href":"https:\/\/eldiariodesanpedro.com.ar\/sitio\/wp-json\/wp\/v2\/posts\/96907","targetHints":{"allow":["GET"]}}],"collection":[{"href":"https:\/\/eldiariodesanpedro.com.ar\/sitio\/wp-json\/wp\/v2\/posts"}],"about":[{"href":"https:\/\/eldiariodesanpedro.com.ar\/sitio\/wp-json\/wp\/v2\/types\/post"}],"author":[{"embeddable":true,"href":"https:\/\/eldiariodesanpedro.com.ar\/sitio\/wp-json\/wp\/v2\/users\/4"}],"replies":[{"embeddable":true,"href":"https:\/\/eldiariodesanpedro.com.ar\/sitio\/wp-json\/wp\/v2\/comments?post=96907"}],"version-history":[{"count":1,"href":"https:\/\/eldiariodesanpedro.com.ar\/sitio\/wp-json\/wp\/v2\/posts\/96907\/revisions"}],"predecessor-version":[{"id":96910,"href":"https:\/\/eldiariodesanpedro.com.ar\/sitio\/wp-json\/wp\/v2\/posts\/96907\/revisions\/96910"}],"wp:featuredmedia":[{"embeddable":true,"href":"https:\/\/eldiariodesanpedro.com.ar\/sitio\/wp-json\/wp\/v2\/media\/96908"}],"wp:attachment":[{"href":"https:\/\/eldiariodesanpedro.com.ar\/sitio\/wp-json\/wp\/v2\/media?parent=96907"}],"wp:term":[{"taxonomy":"category","embeddable":true,"href":"https:\/\/eldiariodesanpedro.com.ar\/sitio\/wp-json\/wp\/v2\/categories?post=96907"},{"taxonomy":"post_tag","embeddable":true,"href":"https:\/\/eldiariodesanpedro.com.ar\/sitio\/wp-json\/wp\/v2\/tags?post=96907"}],"curies":[{"name":"wp","href":"https:\/\/api.w.org\/{rel}","templated":true}]}}