{"id":96897,"date":"2021-08-04T10:00:13","date_gmt":"2021-08-04T13:00:13","guid":{"rendered":"https:\/\/eldiariodesanpedro.com.ar\/sitio\/?p=96897"},"modified":"2021-08-04T10:00:18","modified_gmt":"2021-08-04T13:00:18","slug":"bradero-robaron-una-camioneta-toyota-hilux-4x4","status":"publish","type":"post","link":"https:\/\/eldiariodesanpedro.com.ar\/sitio\/bradero-robaron-una-camioneta-toyota-hilux-4x4\/","title":{"rendered":"BRADERO | Robaron una camioneta Toyota Hilux 4\u00d74"},"content":{"rendered":"<!-- VideographyWP Plugin Message: Automatic video embedding prevented by plugin options. -->\n\n<p>El episodio ocurri\u00f3 despu\u00e9s las 13 horas de ayer. La camioneta Toyota Hilux color gris, patente IYV 962, estaba estacionada en O\u2019Roarke al 1900 en donde vive su propietario.<\/p>\n\n\n\n<p>Nestor Grimalt, propietario de este veh\u00edculo robado, detall\u00f3 lo sucedido en<strong>&nbsp;Fm Tiempo<\/strong>:<\/p>\n\n\n\n<p><em>\u00abFue muy extra\u00f1o la verdad, yo llegu\u00e9 a mi casa 12.15, sal\u00ed a las 13.30 y ya no estaba m\u00e1s.\u00bb<\/em><\/p>\n\n\n\n<p><em>\u00abNo ten\u00eda chip ni cierre centralizado porque era modelo 2010, escuch\u00e9 una acelerada de una camioneta pero jam\u00e1s pens\u00e9 que era la m\u00eda.\u00bb<\/em><\/p>\n\n\n\n<p><em>\u00abEn mi cuadra nadie tiene c\u00e1maras que apunten a la calle.\u00bb<\/em><\/p>\n\n\n\n<p><em>\u00abEstar\u00eda marcada y me estar\u00edan vigilando, porque no creo que haya sido al azar.\u00bb<\/em><\/p>\n\n\n\n<p><em>\u00abNunca la dejo afuera de noche y fue en el horario que vuelvo a mi casa a almorzar.\u00bb<\/em><\/p>\n\n\n\n<p><em>\u00abEra el \u00fanico veh\u00edculo que ten\u00eda, estoy seguro que la sacaron empujando para atr\u00e1s y la arrancaron por la esquina.\u00bb<\/em><\/p>\n\n\n\n<p>Fuente: <a href=\"http:\/\/tiemponoticias.com.ar\/noba\/2021\/08\/03\/robaron-una-camioneta-toyota-hilux-4x4\/?fbclid=IwAR2W-Yl7WyvdfhFaT9BYbTyDOICQd5kJ4lnQWlgRm27Qn48nJwyIC6a3d3s\">Tiempo Noticias<\/a><\/p>\n","protected":false},"excerpt":{"rendered":"<p>El episodio ocurri\u00f3 despu\u00e9s las 13 horas de ayer. La camioneta Toyota Hilux color gris, patente IYV 962, estaba estacionada en O\u2019Roarke al 1900 en donde vive su propietario. Nestor Grimalt, propietario de este veh\u00edculo robado, detall\u00f3 lo sucedido en&nbsp;Fm Tiempo: \u00abFue muy extra\u00f1o la verdad, yo llegu\u00e9 a mi casa 12.15, sal\u00ed a las [&hellip;]<\/p>\n","protected":false},"author":4,"featured_media":96898,"comment_status":"closed","ping_status":"closed","sticky":false,"template":"","format":"standard","meta":{"om_disable_all_campaigns":false,"_jetpack_memberships_contains_paid_content":false,"footnotes":""},"categories":[621],"tags":[],"class_list":["post-96897","post","type-post","status-publish","format-standard","has-post-thumbnail","hentry","category-regionales"],"aioseo_notices":[],"gutentor_comment":0,"jetpack_featured_media_url":"https:\/\/eldiariodesanpedro.com.ar\/sitio\/wp-content\/uploads\/2021\/08\/111.jpg","jetpack_shortlink":"https:\/\/wp.me\/p6RhLt-pcR","jetpack_sharing_enabled":true,"_links":{"self":[{"href":"https:\/\/eldiariodesanpedro.com.ar\/sitio\/wp-json\/wp\/v2\/posts\/96897","targetHints":{"allow":["GET"]}}],"collection":[{"href":"https:\/\/eldiariodesanpedro.com.ar\/sitio\/wp-json\/wp\/v2\/posts"}],"about":[{"href":"https:\/\/eldiariodesanpedro.com.ar\/sitio\/wp-json\/wp\/v2\/types\/post"}],"author":[{"embeddable":true,"href":"https:\/\/eldiariodesanpedro.com.ar\/sitio\/wp-json\/wp\/v2\/users\/4"}],"replies":[{"embeddable":true,"href":"https:\/\/eldiariodesanpedro.com.ar\/sitio\/wp-json\/wp\/v2\/comments?post=96897"}],"version-history":[{"count":2,"href":"https:\/\/eldiariodesanpedro.com.ar\/sitio\/wp-json\/wp\/v2\/posts\/96897\/revisions"}],"predecessor-version":[{"id":96900,"href":"https:\/\/eldiariodesanpedro.com.ar\/sitio\/wp-json\/wp\/v2\/posts\/96897\/revisions\/96900"}],"wp:featuredmedia":[{"embeddable":true,"href":"https:\/\/eldiariodesanpedro.com.ar\/sitio\/wp-json\/wp\/v2\/media\/96898"}],"wp:attachment":[{"href":"https:\/\/eldiariodesanpedro.com.ar\/sitio\/wp-json\/wp\/v2\/media?parent=96897"}],"wp:term":[{"taxonomy":"category","embeddable":true,"href":"https:\/\/eldiariodesanpedro.com.ar\/sitio\/wp-json\/wp\/v2\/categories?post=96897"},{"taxonomy":"post_tag","embeddable":true,"href":"https:\/\/eldiariodesanpedro.com.ar\/sitio\/wp-json\/wp\/v2\/tags?post=96897"}],"curies":[{"name":"wp","href":"https:\/\/api.w.org\/{rel}","templated":true}]}}