{"id":96894,"date":"2021-08-04T09:51:22","date_gmt":"2021-08-04T12:51:22","guid":{"rendered":"https:\/\/eldiariodesanpedro.com.ar\/sitio\/?p=96894"},"modified":"2021-08-04T09:51:27","modified_gmt":"2021-08-04T12:51:27","slug":"pesar-en-el-destacamento-de-bomberos-local-por-el-fallecimiento-de-los-tres-colegas","status":"publish","type":"post","link":"https:\/\/eldiariodesanpedro.com.ar\/sitio\/pesar-en-el-destacamento-de-bomberos-local-por-el-fallecimiento-de-los-tres-colegas\/","title":{"rendered":"Pesar en el destacamento de Bomberos local por el fallecimiento de los tres colegas"},"content":{"rendered":"<!-- VideographyWP Plugin Message: Automatic video embedding prevented by plugin options. -->\n\n<p>Tres Bomberos Voluntarios del partido de Tres de Febrero murieron este Martes tras intervenir en un incendio en la localidad de Caseros.<\/p>\n\n\n\n<p>El fuego comenz\u00f3 por la ma\u00f1ana en el cuarto piso de un edificio ubicado sobre la avenida San Mart\u00edn al 1300. Al menos siete dotaciones de Bomberos trabajaron en el lugar.<\/p>\n\n\n\n<p><em>Desde Bomberos Voluntarios de San Pedro enviamos nuestras condolencias a las familias, amigos y camaradas de los bomberos fallecidos en cumplimiento del deber.<br>Con profundo dolor acompa\u00f1amos a nuestros hermanos de 3 de Febrero con un abrazo! <\/em><\/p>\n","protected":false},"excerpt":{"rendered":"<p>Tres Bomberos Voluntarios del partido de Tres de Febrero murieron este Martes tras intervenir en un incendio en la localidad de Caseros. El fuego comenz\u00f3 por la ma\u00f1ana en el cuarto piso de un edificio ubicado sobre la avenida San Mart\u00edn al 1300. Al menos siete dotaciones de Bomberos trabajaron en el lugar. Desde Bomberos [&hellip;]<\/p>\n","protected":false},"author":4,"featured_media":96895,"comment_status":"closed","ping_status":"closed","sticky":false,"template":"","format":"standard","meta":{"om_disable_all_campaigns":false,"_jetpack_memberships_contains_paid_content":false,"footnotes":""},"categories":[101,2],"tags":[],"class_list":["post-96894","post","type-post","status-publish","format-standard","has-post-thumbnail","hentry","category-interes-general-locales","category-locales"],"aioseo_notices":[],"gutentor_comment":0,"jetpack_featured_media_url":"https:\/\/eldiariodesanpedro.com.ar\/sitio\/wp-content\/uploads\/2021\/08\/WhatsApp-Image-2021-08-03-at-18.20.11.jpeg","jetpack_shortlink":"https:\/\/wp.me\/p6RhLt-pcO","jetpack_sharing_enabled":true,"_links":{"self":[{"href":"https:\/\/eldiariodesanpedro.com.ar\/sitio\/wp-json\/wp\/v2\/posts\/96894","targetHints":{"allow":["GET"]}}],"collection":[{"href":"https:\/\/eldiariodesanpedro.com.ar\/sitio\/wp-json\/wp\/v2\/posts"}],"about":[{"href":"https:\/\/eldiariodesanpedro.com.ar\/sitio\/wp-json\/wp\/v2\/types\/post"}],"author":[{"embeddable":true,"href":"https:\/\/eldiariodesanpedro.com.ar\/sitio\/wp-json\/wp\/v2\/users\/4"}],"replies":[{"embeddable":true,"href":"https:\/\/eldiariodesanpedro.com.ar\/sitio\/wp-json\/wp\/v2\/comments?post=96894"}],"version-history":[{"count":1,"href":"https:\/\/eldiariodesanpedro.com.ar\/sitio\/wp-json\/wp\/v2\/posts\/96894\/revisions"}],"predecessor-version":[{"id":96896,"href":"https:\/\/eldiariodesanpedro.com.ar\/sitio\/wp-json\/wp\/v2\/posts\/96894\/revisions\/96896"}],"wp:featuredmedia":[{"embeddable":true,"href":"https:\/\/eldiariodesanpedro.com.ar\/sitio\/wp-json\/wp\/v2\/media\/96895"}],"wp:attachment":[{"href":"https:\/\/eldiariodesanpedro.com.ar\/sitio\/wp-json\/wp\/v2\/media?parent=96894"}],"wp:term":[{"taxonomy":"category","embeddable":true,"href":"https:\/\/eldiariodesanpedro.com.ar\/sitio\/wp-json\/wp\/v2\/categories?post=96894"},{"taxonomy":"post_tag","embeddable":true,"href":"https:\/\/eldiariodesanpedro.com.ar\/sitio\/wp-json\/wp\/v2\/tags?post=96894"}],"curies":[{"name":"wp","href":"https:\/\/api.w.org\/{rel}","templated":true}]}}