{"id":96891,"date":"2021-08-04T09:44:48","date_gmt":"2021-08-04T12:44:48","guid":{"rendered":"https:\/\/eldiariodesanpedro.com.ar\/sitio\/?p=96891"},"modified":"2021-08-04T09:44:52","modified_gmt":"2021-08-04T12:44:52","slug":"elecciones-2021-mira-como-sera-el-protocolo-sanitario","status":"publish","type":"post","link":"https:\/\/eldiariodesanpedro.com.ar\/sitio\/elecciones-2021-mira-como-sera-el-protocolo-sanitario\/","title":{"rendered":"Elecciones 2021: mir\u00e1 c\u00f3mo ser\u00e1 el protocolo sanitario"},"content":{"rendered":"<!-- VideographyWP Plugin Message: Automatic video embedding prevented by plugin options. -->\n\n<p>La C\u00e1mara Nacional Electoral aprob\u00f3 el protocolo sanitario que se implementar\u00e1 en las elecciones legislativas.<\/p>\n\n\n\n<p>La C\u00e1mara Nacional Electoral (CNE) aprob\u00f3 este mi\u00e9rcoles 4 de agosto el protocolo sanitario de prevenci\u00f3n del coronavirus para las pr\u00f3ximas\u00a0<strong>elecciones<\/strong>\u00a0legislativas. El mismo establece medidas y organizativas para evitar contagios. Adem\u00e1s, por primera vez, se incorpora la figura de los facilitadores sanitarios.<\/p>\n\n\n\n<p>El organismo electoral dio a conocer que, a trav\u00e9s de la Acordada Extraordinaria N\u00ba 83, aprobaron el\u00a0<strong>\u00abProtocolo sanitario\u00a0de prevenci\u00f3n COVID-19 \u2013 Elecciones nacionales 2021\u00bb<\/strong>, elaborado en forma conjunta por la Direcci\u00f3n Nacional Electoral del Ministerio de Interior y el Ministerio de Salud.<\/p>\n\n\n\n<p>El objetivo de las disposiciones, que se implementar\u00e1n en las elecciones primarias abiertas, simult\u00e1neas y obligatorias (PASO) del 12 de septiembre y generales del 14 de noviembre, es evitar la aglomeraci\u00f3n de personas.<\/p>\n\n\n\n<p>De esta manera, tambi\u00e9n existen pedidos especiales para todas las fuerzas pol\u00edticas que intervendr\u00e1n en los comicios con la intenci\u00f3n de que colaboren para el cumplimiento de las\u00a0<strong>medidas.<\/strong><\/p>\n\n\n\n<h3 class=\"wp-block-heading\">Elecciones: conoc\u00e9 las principales medidas del protocolo sanitario<\/h3>\n\n\n\n<p>La CNE dispuso que&nbsp;para reducir el aforo se procurar\u00e1 no habilitar m\u00e1s de ocho mesas de votaci\u00f3n por establecimiento y se establece la implementaci\u00f3n de una franja horaria prioritaria para personas que integren grupos de riesgo, entre las 10.30 y las 12.30.<\/p>\n\n\n\n<p>El protocolo prev\u00e9 la utilizaci\u00f3n de elementos de protecci\u00f3n personal e higiene y capacitar a las autoridades de mesa \u00abpreponderantemente por medios no presenciales\u00bb.<\/p>\n\n\n\n<p>Tambi\u00e9n se establece que en cada distrito la justicia federal con competencia electoral determinar\u00e1 el procedimiento de emisi\u00f3n del voto para los electores que presenten s\u00edntomas evidentes compatibles con Covid-19 y que exijan ejercer su derecho al sufragio.<\/p>\n\n\n\n<p>Adem\u00e1s,&nbsp;requiere la colaboraci\u00f3n de los partidos pol\u00edticos para el correcto desarrollo del proceso electoral. Se exhorta a las agrupaciones pol\u00edticas a que, con el objeto de reducir el aforo de los establecimientos de votaci\u00f3n, mantengan \u00absimult\u00e1neamente dentro de cada establecimiento de votaci\u00f3n la cantidad m\u00ednima necesaria de fiscales partidarios\u00bb.<\/p>\n\n\n\n<p>Asimismo, pide colaboraci\u00f3n para minimizar la manipulaci\u00f3n de los sobres de votaci\u00f3n.<\/p>\n\n\n\n<p>A su vez, se ratifica en su art\u00edculo 9 que la consulta al padr\u00f3n y la recepci\u00f3n y tramitaci\u00f3n de los reclamos estar\u00e1 habilitada en todo el pa\u00eds por v\u00eda digital, \u00aba trav\u00e9s del sitio www.padron.gob.ar, en los plazos previstos por el cronograma electoral\u00bb.<\/p>\n\n\n\n<p>Se dispuso que \u00abse incorpore al portal habilitado para consulta al Registro de infractores y solicitudes de justificaci\u00f3n de no emisi\u00f3n del voto (infractores.padron.gob.ar) las causales espec\u00edficas de justificaci\u00f3n de no emisi\u00f3n del voto\u00bb, para que \u00absoliciten a trav\u00e9s de Internet la justificaci\u00f3n de la no emisi\u00f3n del voto quienes a la fecha de la elecci\u00f3n est\u00e9n cumpliendo protocolos de aislamiento de COVID-19\u00bb.<\/p>\n\n\n\n<p>El protocolo incorpora la figura del&nbsp;<strong>facilitador sanitario<\/strong>, cuya funci\u00f3n ser\u00e1 hacer cumplir las medidas sanitarias para la prevenci\u00f3n de coronavirus.<\/p>\n\n\n\n<p>El 31 de julio pasado la Direcci\u00f3n Nacional Electoral defini\u00f3 las funciones y el alcance de las tareas que cumplir\u00e1n los m\u00e1s de 17.000 facilitadores sanitarios que se desempe\u00f1ar\u00e1n, por primera vez, en las elecciones PASO y en las generales de noviembre, a ra\u00edz de la pandemia de coronavirus.<\/p>\n\n\n\n<p>Fuente: <a href=\"https:\/\/infocielo.com\/elecciones\/elecciones-2021-mira-como-sera-el-protocolo-sanitario-n717323\">Infocielo<\/a><\/p>\n","protected":false},"excerpt":{"rendered":"<p>La C\u00e1mara Nacional Electoral aprob\u00f3 el protocolo sanitario que se implementar\u00e1 en las elecciones legislativas. La C\u00e1mara Nacional Electoral (CNE) aprob\u00f3 este mi\u00e9rcoles 4 de agosto el protocolo sanitario de prevenci\u00f3n del coronavirus para las pr\u00f3ximas\u00a0elecciones\u00a0legislativas. El mismo establece medidas y organizativas para evitar contagios. Adem\u00e1s, por primera vez, se incorpora la figura de los [&hellip;]<\/p>\n","protected":false},"author":4,"featured_media":96892,"comment_status":"closed","ping_status":"closed","sticky":false,"template":"","format":"standard","meta":{"om_disable_all_campaigns":false,"_jetpack_memberships_contains_paid_content":false,"footnotes":""},"categories":[2],"tags":[],"class_list":["post-96891","post","type-post","status-publish","format-standard","has-post-thumbnail","hentry","category-locales"],"aioseo_notices":[],"gutentor_comment":0,"jetpack_featured_media_url":"https:\/\/eldiariodesanpedro.com.ar\/sitio\/wp-content\/uploads\/2021\/08\/elecciones0212jpg.jpg","jetpack_shortlink":"https:\/\/wp.me\/p6RhLt-pcL","jetpack_sharing_enabled":true,"_links":{"self":[{"href":"https:\/\/eldiariodesanpedro.com.ar\/sitio\/wp-json\/wp\/v2\/posts\/96891","targetHints":{"allow":["GET"]}}],"collection":[{"href":"https:\/\/eldiariodesanpedro.com.ar\/sitio\/wp-json\/wp\/v2\/posts"}],"about":[{"href":"https:\/\/eldiariodesanpedro.com.ar\/sitio\/wp-json\/wp\/v2\/types\/post"}],"author":[{"embeddable":true,"href":"https:\/\/eldiariodesanpedro.com.ar\/sitio\/wp-json\/wp\/v2\/users\/4"}],"replies":[{"embeddable":true,"href":"https:\/\/eldiariodesanpedro.com.ar\/sitio\/wp-json\/wp\/v2\/comments?post=96891"}],"version-history":[{"count":1,"href":"https:\/\/eldiariodesanpedro.com.ar\/sitio\/wp-json\/wp\/v2\/posts\/96891\/revisions"}],"predecessor-version":[{"id":96893,"href":"https:\/\/eldiariodesanpedro.com.ar\/sitio\/wp-json\/wp\/v2\/posts\/96891\/revisions\/96893"}],"wp:featuredmedia":[{"embeddable":true,"href":"https:\/\/eldiariodesanpedro.com.ar\/sitio\/wp-json\/wp\/v2\/media\/96892"}],"wp:attachment":[{"href":"https:\/\/eldiariodesanpedro.com.ar\/sitio\/wp-json\/wp\/v2\/media?parent=96891"}],"wp:term":[{"taxonomy":"category","embeddable":true,"href":"https:\/\/eldiariodesanpedro.com.ar\/sitio\/wp-json\/wp\/v2\/categories?post=96891"},{"taxonomy":"post_tag","embeddable":true,"href":"https:\/\/eldiariodesanpedro.com.ar\/sitio\/wp-json\/wp\/v2\/tags?post=96891"}],"curies":[{"name":"wp","href":"https:\/\/api.w.org\/{rel}","templated":true}]}}