{"id":96872,"date":"2021-08-03T19:19:46","date_gmt":"2021-08-03T22:19:46","guid":{"rendered":"https:\/\/eldiariodesanpedro.com.ar\/sitio\/?p=96872"},"modified":"2021-08-03T19:19:50","modified_gmt":"2021-08-03T22:19:50","slug":"fernando-tauber-fue-distinguido-como-profesor-extraordinario-por-la-unvm","status":"publish","type":"post","link":"https:\/\/eldiariodesanpedro.com.ar\/sitio\/fernando-tauber-fue-distinguido-como-profesor-extraordinario-por-la-unvm\/","title":{"rendered":"Fernando Tauber fue distinguido como Profesor Extraordinario por la UNVM"},"content":{"rendered":"<!-- VideographyWP Plugin Message: Automatic video embedding prevented by plugin options. -->\n\n<p>El reconocimiento fue aprobado por el Consejo Superior por su compromiso con la educaci\u00f3n p\u00fablica y su labor orientada a la planificaci\u00f3n y gesti\u00f3n de las universidades.<\/p>\n\n\n\n<p>El presidente de la Universidad Nacional de la Plata, Doctor Fernando Tauber, recibi\u00f3 el t\u00edtulo de&nbsp;Profesor Extraordinario de la Universidad Nacional de Villa Mar\u00eda, en la Categor\u00eda de Honorario.&nbsp; Se trata de uno de los m\u00e1ximos reconocimientos acad\u00e9micos que otorga esta instituci\u00f3n de educaci\u00f3n superior a aquellas personas que sobresalieron por su acci\u00f3n ejemplar.<\/p>\n\n\n\n<p>La distinci\u00f3n fue aprobada por el Consejo Superior de la UNVM, a propuesta de su Rector, Luis Alberto Negretti. Tauber obtuvo este reconocimiento en m\u00e9rito a su \u201cdestacada trayectoria acad\u00e9mica y de gesti\u00f3n y sus aportes en defensa de la Educaci\u00f3n P\u00fablica\u201d.<\/p>\n\n\n\n<p>Seg\u00fan surge del texto&nbsp;de la&nbsp;Resoluci\u00f3n 073\/2021, entre los fundamentos para su designaci\u00f3n se se\u00f1ala que Fernando Tauber \u201cse ha destacado por su prestigiosa labor profesional; su dilatada labor en docencia de grado y posgrado, extensi\u00f3n, investigaci\u00f3n y gesti\u00f3n universitaria; por una profusa producci\u00f3n en publicaciones, creaciones art\u00edsticas y manifestaciones est\u00e9ticas relevantes; y, fundamentalmente, por su fuerte compromiso orientado a la planificaci\u00f3n y gesti\u00f3n integral del territorio y de sus instituciones p\u00fablicas, en particular las universidades\u201d.<\/p>\n\n\n\n<p>Tambi\u00e9n se destaca que \u201ces Graduado Ilustre y Profesor Extraordinario en el rango de Honorario de la Universidad Nacional de la Plata. Que se ha desempe\u00f1ado como Presidente de la UNLP en los per\u00edodos 2010-2014 y 2018-2022; como Vicepresidente de la mencionada Universidad (2014-2018); como Miembro del Consejo Interinstitucional de Ciencia y Tecnolog\u00eda (CICYT) y del del Comit\u00e9 Ejecutivo del Consejo Interuniversitario Nacional (2020-2021); entre otros cargos.<\/p>\n\n\n\n<p>La Resoluci\u00f3n tambi\u00e9n se\u00f1ala su valiosa labor docente en el grado y el posgrado y como investigador independiente. Sobresale adem\u00e1s como \u201cautor de numerosos libros, entre los que se destacan: \u00abPensar la Universidad. Proyecto Institucional de la Universidad Nacional de La Plata 2018- 2022\u00bb, \u00abHacia el segundo manifiesto: Los estudiantes universitarios y el reformismo hoy\u00bb y \u00abComunicaci\u00f3n en la Planificaci\u00f3n y gesti\u00f3n de las universidades p\u00fablicas argentinas\u00bb, entre muchos otros\u201d.<\/p>\n\n\n\n<p>Vale recordar que, en relaci\u00f3n a qui\u00e9nes pueden alcanzar este reconocimiento, el Estatuto Universitario de la UNVM establece: \u201cpara designar a un Profesor. como Honorario se deber\u00e1 tener en cuenta a personalidades eminentes en el campo de la ciencia o del arte, ya sea del pa\u00eds o del extranjero, a quien la Universidad honra con esta designaci\u00f3n de conformidad con la reglamentaci\u00f3n que el Consejo Superior expida\u00bb.<\/p>\n\n\n\n<p>Tras conocer su nombramiento, Tauber se\u00f1al\u00f3&nbsp;que \u201cdesde lo personal es un orgullo recibir esta distinci\u00f3n de parte de una Universidad que, en sus j\u00f3venes 25 a\u00f1os, ha sabido erigirse en una instituci\u00f3n de gran prestigio y en una referencia acad\u00e9mica en el interior de nuestro pa\u00eds\u201d. Y agreg\u00f3: \u201crecibir este tipo de reconocimiento excede el plano de lo estrictamente personal, es un gesto que jerarquiza a toda la Universidad de La Plata\u201d.<\/p>\n\n\n\n<p>En su extensa trayectoria dentro del \u00e1mbito de la universidad p\u00fablica, Tauber ha sido reconocido por varias instituciones del pa\u00eds:&nbsp; ha sido designado como Doctor Honoris Causa de la Universidad Nacional de Mar del Plata; &nbsp;la UBA lo distingui\u00f3 &nbsp;con el t\u00edtulo de Profesor Extraordinario; la misma distinci\u00f3n recibi\u00f3 de manos de la Universidad Nacional Arturo Jauretche; obtuvo la Menci\u00f3n de Honor Senador Domingo Faustino Sarmiento por el Honorable Senado de la Naci\u00f3n; fue distinguido como Personalidad Destacada de la Educaci\u00f3n P\u00fablica de la Provincia de Buenos Aires y como Ciudadano Ilustre de la Ciudad de La Plata y Ciudadano Honor\u00edfico de Ensenada y Berisso.<\/p>\n\n\n\n<p>&nbsp;Una extensa trayectoria<\/p>\n\n\n\n<p>Fernando Tauber (1956), arquitecto egresado de la Universidad Nacional de La Plata en 1979, obtuvo el t\u00edtulo de Doctor en Comunicaci\u00f3n en 2008 y de Especialista en Gesti\u00f3n de la Educaci\u00f3n Superior en 2020.<\/p>\n\n\n\n<p>Ingres\u00f3 a la docencia de la UNLP en 1984. En el grado es Profesor Titular Ordinario en las materias Teor\u00edas y Planificaci\u00f3n Territorial I y II (Facultad de Arquitectura y Urbanismo) y en el posgrado fue Profesor de Planificaci\u00f3n Estrat\u00e9gica y Comunicaci\u00f3n en Instituciones Educativas (Doctorado en Comunicaci\u00f3n de la Facultad de Periodismo y Comunicaci\u00f3n Social), de Planeamiento y Gesti\u00f3n Estrat\u00e9gica Participativa Local y Regional (Maestr\u00eda en Paisaje, Ambiente y Ciudad de la Facultad de Arquitectura y Urbanismo) y de Planeaci\u00f3n Institucional, Planeamiento Estrat\u00e9gico Continuo (Especializaci\u00f3n en Liderazgo Universitario de la Universidad Nacional de La Plata), adem\u00e1s fue miembro del Comit\u00e9 de Grado Acad\u00e9mico del Doctorado en Comunicaci\u00f3n de la Facultad de Periodismo y Comunicaci\u00f3n Social. Dirige la Especializaci\u00f3n en Gesti\u00f3n de la Educaci\u00f3n Superior en el Instituto de Investigaciones en Educaci\u00f3n Superior (IIES) de la Facultad de Odontolog\u00eda de la UNLP.<\/p>\n\n\n\n<p>Es Investigador Categor\u00eda I, Director del Laboratorio de Planeamiento y Gesti\u00f3n Estrat\u00e9gica \u2013LPGE- radicado en la Facultad de Arquitectura y Urbanismo de la UNLP (c\/l), Director por concurso del Instituto de Investigaciones de Educaci\u00f3n Superior \u2013IIES- radicado en la Facultad de Odontolog\u00eda (c\/l) y fue miembro del Consejo Directivo del Instituto de Investigaciones y Pol\u00edticas del Ambiente Construido \u2013IIPAC- radicado en la Facultad de Arquitectura y Urbanismo de la UNLP.<\/p>\n\n\n\n<p>Fue Subsecretario de Planeamiento, Subsecretario de Obras y Servicios P\u00fablicos y Director de Planificaci\u00f3n del Transporte de la Municipalidad de La Plata, Asesor de diversos Municipios y Provincias en \u00e1mbitos ejecutivos y legislativos y Coordinador Ejecutivo en Programas de Financiamiento a Municipios desde el Gobierno Nacional.<\/p>\n\n\n\n<p>Fue miembro fundador y es Director de la Carrera de Licenciado y T\u00e9cnico Superior en Gesti\u00f3n de Recursos para Instituciones Universitarias de la Facultad de Ciencias Jur\u00eddicas y Sociales de la Universidad Nacional de La Plata.<\/p>\n\n\n\n<p>Es Director del Programa Institucional \u201cPlan Estrat\u00e9gico de Gesti\u00f3n de la UNLP\u201d desde el a\u00f1o 2005, dirige y participa de planes estrat\u00e9gicos de desarrollo y diversas investigaciones y estudios particularizados de planificaci\u00f3n, gesti\u00f3n, capacitaci\u00f3n y reconversi\u00f3n territorial, comunitaria e institucional (1988-2018) realizados en m\u00e1s de un centenar de municipios y regiones \u2013contratado, por convenio institucional o por concurso como consultor nacional o internacional del CFI, PNUD, BID, BIRF, Ministerio del Interior, ONGs de cooperaci\u00f3n internacional, gobiernos provinciales y numerosos gobiernos municipales- Estas investigaciones y estudios, fueron publicados en unos treinta y seis libros, treinta y siete cap\u00edtulos de libros, numerosos art\u00edculos en revistas cient\u00edficas o especializadas y en comunicaciones a congresos y seminarios (230), obteniendo adem\u00e1s unos veinte premios y distinciones en concursos de dise\u00f1o, arquitectura y planeamiento.<\/p>\n\n\n\n<p>DISTINCI\u00d3N DE LA FACULTAD DE ARQUITECTURA DE LA UNLP<\/p>\n\n\n\n<p>El&nbsp;Consejo Directivo de la&nbsp;Facultad de Arquitectura y Urbanismo&nbsp;de la UNLP distingui\u00f3 semanas atr\u00e1s al&nbsp;Dr. Fernando Tauber&nbsp;como Profesor Extraordinario en la categor\u00eda de Em\u00e9rito. La iniciativa -aprobada por unanimidad de los claustros- surgi\u00f3 de la C\u00e1tedra de Teor\u00edas y Planificaci\u00f3n Territorial, donde el&nbsp;Arq. Tauber&nbsp;se desempe\u00f1a como Profesor Titular ordinario y ha presentado su renuncia como Profesor ordinario en funci\u00f3n de acogerse a los beneficios jubilatorios.<\/p>\n\n\n\n<p>Los fundamentes de su distinci\u00f3n destacan que \u201ca partir de graduarse en 1979 en la&nbsp;Facultad de Arquitectura y Urbanismo,&nbsp;Tauber&nbsp;ha demostrado,&nbsp;a lo largo de su desempe\u00f1o acad\u00e9mico y de gesti\u00f3n universitaria,&nbsp;condiciones sobresalientes para la docencia, investigaci\u00f3n, extensi\u00f3n, gesti\u00f3n y creaci\u00f3n intelectual\u201d.<\/p>\n\n\n\n<p>Asimismo, se se\u00f1ala que \u201cesta designaci\u00f3n es un reconocimiento a sus aportes en todos los \u00e1mbitos del quehacer universitario y en defensa de la Educaci\u00f3n P\u00fablica, y tambi\u00e9n un instrumento para seguir contando con su experiencia y nuevos aportes disciplinares, en su futuro rol acad\u00e9mico\u201d.<\/p>\n\n\n\n<p><\/p>\n","protected":false},"excerpt":{"rendered":"<p>El reconocimiento fue aprobado por el Consejo Superior por su compromiso con la educaci\u00f3n p\u00fablica y su labor orientada a la planificaci\u00f3n y gesti\u00f3n de las universidades. El presidente de la Universidad Nacional de la Plata, Doctor Fernando Tauber, recibi\u00f3 el t\u00edtulo de&nbsp;Profesor Extraordinario de la Universidad Nacional de Villa Mar\u00eda, en la Categor\u00eda de [&hellip;]<\/p>\n","protected":false},"author":4,"featured_media":96873,"comment_status":"closed","ping_status":"closed","sticky":false,"template":"","format":"standard","meta":{"om_disable_all_campaigns":false,"_jetpack_memberships_contains_paid_content":false,"footnotes":""},"categories":[50,101,2],"tags":[],"class_list":["post-96872","post","type-post","status-publish","format-standard","has-post-thumbnail","hentry","category-destacadas","category-interes-general-locales","category-locales"],"aioseo_notices":[],"gutentor_comment":0,"jetpack_featured_media_url":"https:\/\/eldiariodesanpedro.com.ar\/sitio\/wp-content\/uploads\/2021\/08\/000092693.jpg","jetpack_shortlink":"https:\/\/wp.me\/p6RhLt-pcs","jetpack_sharing_enabled":true,"_links":{"self":[{"href":"https:\/\/eldiariodesanpedro.com.ar\/sitio\/wp-json\/wp\/v2\/posts\/96872","targetHints":{"allow":["GET"]}}],"collection":[{"href":"https:\/\/eldiariodesanpedro.com.ar\/sitio\/wp-json\/wp\/v2\/posts"}],"about":[{"href":"https:\/\/eldiariodesanpedro.com.ar\/sitio\/wp-json\/wp\/v2\/types\/post"}],"author":[{"embeddable":true,"href":"https:\/\/eldiariodesanpedro.com.ar\/sitio\/wp-json\/wp\/v2\/users\/4"}],"replies":[{"embeddable":true,"href":"https:\/\/eldiariodesanpedro.com.ar\/sitio\/wp-json\/wp\/v2\/comments?post=96872"}],"version-history":[{"count":1,"href":"https:\/\/eldiariodesanpedro.com.ar\/sitio\/wp-json\/wp\/v2\/posts\/96872\/revisions"}],"predecessor-version":[{"id":96874,"href":"https:\/\/eldiariodesanpedro.com.ar\/sitio\/wp-json\/wp\/v2\/posts\/96872\/revisions\/96874"}],"wp:featuredmedia":[{"embeddable":true,"href":"https:\/\/eldiariodesanpedro.com.ar\/sitio\/wp-json\/wp\/v2\/media\/96873"}],"wp:attachment":[{"href":"https:\/\/eldiariodesanpedro.com.ar\/sitio\/wp-json\/wp\/v2\/media?parent=96872"}],"wp:term":[{"taxonomy":"category","embeddable":true,"href":"https:\/\/eldiariodesanpedro.com.ar\/sitio\/wp-json\/wp\/v2\/categories?post=96872"},{"taxonomy":"post_tag","embeddable":true,"href":"https:\/\/eldiariodesanpedro.com.ar\/sitio\/wp-json\/wp\/v2\/tags?post=96872"}],"curies":[{"name":"wp","href":"https:\/\/api.w.org\/{rel}","templated":true}]}}