{"id":96869,"date":"2021-08-03T19:14:48","date_gmt":"2021-08-03T22:14:48","guid":{"rendered":"https:\/\/eldiariodesanpedro.com.ar\/sitio\/?p=96869"},"modified":"2021-08-03T19:14:52","modified_gmt":"2021-08-03T22:14:52","slug":"jornada-de-atencion-del-servicio-local-de-promocion-y-proteccion-de-derechos-de-ninos-ninas-y-adolescentes-en-las-localidades","status":"publish","type":"post","link":"https:\/\/eldiariodesanpedro.com.ar\/sitio\/jornada-de-atencion-del-servicio-local-de-promocion-y-proteccion-de-derechos-de-ninos-ninas-y-adolescentes-en-las-localidades\/","title":{"rendered":"Jornada de atenci\u00f3n del Servicio Local de Promoci\u00f3n y Protecci\u00f3n de Derechos de Ni\u00f1os, Ni\u00f1as y Adolescentes en las localidades"},"content":{"rendered":"<!-- VideographyWP Plugin Message: Automatic video embedding prevented by plugin options. -->\n\n<p>El Servicio Local de Promoci\u00f3n y Protecci\u00f3n de Derechos de Ni\u00f1os, Ni\u00f1as y Adolescentes informa el cronograma de atenci\u00f3n durante el pr\u00f3ximo mes de agosto en las localidades.<\/p>\n\n\n\n<ul class=\"wp-block-list\"><li>9 de agosto Centro de Salud de R\u00edo Tala<\/li><li>11 de agosto Delegaci\u00f3n Municipal de Santa Luc\u00eda<\/li><li>19 de agosto Sede Envi\u00f3n de Gobernador Castro<\/li><li>23 de agosto Centros de Salud de La Tosquera y Bajo Tala<\/li><li>26 de agosto Centro de Salud de Vuelta de Obligado<\/li><\/ul>\n\n\n\n<p>Durante las jornadas, que ser\u00e1n abiertas a la comunidad, se brindar\u00e1 atenci\u00f3n y asesoramiento a todas aquellas personas que trabajan con ni\u00f1eces y adolescencia.<\/p>\n\n\n\n<p>La propuesta pretende que todas las personas conozcan los mecanismos que el Estado proporciona para proteger y promover los derechos de los ni\u00f1os, ni\u00f1as y adolescentes, con la finalidad de brindar la mayor cantidad de herramientas a sus tareas cotidianas, facilitando la prevenci\u00f3n e identificaci\u00f3n de situaciones de violencia y vulneraci\u00f3n de derechos para que puedan ayudar a los j\u00f3venes a pensar formas de resolver situaciones sin violencia, discriminaci\u00f3n y respetando las diversidades.<\/p>\n","protected":false},"excerpt":{"rendered":"<p>El Servicio Local de Promoci\u00f3n y Protecci\u00f3n de Derechos de Ni\u00f1os, Ni\u00f1as y Adolescentes informa el cronograma de atenci\u00f3n durante el pr\u00f3ximo mes de agosto en las localidades. 9 de agosto Centro de Salud de R\u00edo Tala 11 de agosto Delegaci\u00f3n Municipal de Santa Luc\u00eda 19 de agosto Sede Envi\u00f3n de Gobernador Castro 23 de [&hellip;]<\/p>\n","protected":false},"author":4,"featured_media":96870,"comment_status":"closed","ping_status":"closed","sticky":false,"template":"","format":"standard","meta":{"om_disable_all_campaigns":false,"_jetpack_memberships_contains_paid_content":false,"footnotes":""},"categories":[101,2],"tags":[],"class_list":["post-96869","post","type-post","status-publish","format-standard","has-post-thumbnail","hentry","category-interes-general-locales","category-locales"],"aioseo_notices":[],"gutentor_comment":0,"jetpack_featured_media_url":"https:\/\/eldiariodesanpedro.com.ar\/sitio\/wp-content\/uploads\/2021\/08\/WhatsApp-Image-2021-08-03-at-12.07.23.jpeg","jetpack_shortlink":"https:\/\/wp.me\/p6RhLt-pcp","jetpack_sharing_enabled":true,"_links":{"self":[{"href":"https:\/\/eldiariodesanpedro.com.ar\/sitio\/wp-json\/wp\/v2\/posts\/96869","targetHints":{"allow":["GET"]}}],"collection":[{"href":"https:\/\/eldiariodesanpedro.com.ar\/sitio\/wp-json\/wp\/v2\/posts"}],"about":[{"href":"https:\/\/eldiariodesanpedro.com.ar\/sitio\/wp-json\/wp\/v2\/types\/post"}],"author":[{"embeddable":true,"href":"https:\/\/eldiariodesanpedro.com.ar\/sitio\/wp-json\/wp\/v2\/users\/4"}],"replies":[{"embeddable":true,"href":"https:\/\/eldiariodesanpedro.com.ar\/sitio\/wp-json\/wp\/v2\/comments?post=96869"}],"version-history":[{"count":1,"href":"https:\/\/eldiariodesanpedro.com.ar\/sitio\/wp-json\/wp\/v2\/posts\/96869\/revisions"}],"predecessor-version":[{"id":96871,"href":"https:\/\/eldiariodesanpedro.com.ar\/sitio\/wp-json\/wp\/v2\/posts\/96869\/revisions\/96871"}],"wp:featuredmedia":[{"embeddable":true,"href":"https:\/\/eldiariodesanpedro.com.ar\/sitio\/wp-json\/wp\/v2\/media\/96870"}],"wp:attachment":[{"href":"https:\/\/eldiariodesanpedro.com.ar\/sitio\/wp-json\/wp\/v2\/media?parent=96869"}],"wp:term":[{"taxonomy":"category","embeddable":true,"href":"https:\/\/eldiariodesanpedro.com.ar\/sitio\/wp-json\/wp\/v2\/categories?post=96869"},{"taxonomy":"post_tag","embeddable":true,"href":"https:\/\/eldiariodesanpedro.com.ar\/sitio\/wp-json\/wp\/v2\/tags?post=96869"}],"curies":[{"name":"wp","href":"https:\/\/api.w.org\/{rel}","templated":true}]}}