{"id":96867,"date":"2021-08-03T18:46:05","date_gmt":"2021-08-03T21:46:05","guid":{"rendered":"https:\/\/eldiariodesanpedro.com.ar\/sitio\/?p=96867"},"modified":"2021-08-03T18:46:10","modified_gmt":"2021-08-03T21:46:10","slug":"la-municipalidad-realiza-diferentes-trabajos-en-diferentes-zonas-de-san-pedro","status":"publish","type":"post","link":"https:\/\/eldiariodesanpedro.com.ar\/sitio\/la-municipalidad-realiza-diferentes-trabajos-en-diferentes-zonas-de-san-pedro\/","title":{"rendered":"La municipalidad realiza diferentes trabajos en diferentes zonas de San Pedro"},"content":{"rendered":"<!-- VideographyWP Plugin Message: Automatic video embedding prevented by plugin options. -->\n\n<p>Una motoniveladora realiza trabajo de arreglo de caminos en Barrio La Tosquera.<\/p>\n\n\n\n<p>Tres camiones llevan tosca al barrio La Tosquera.<\/p>\n\n\n\n<p>Una retroexcavadora contin\u00faa limpiando cunetas en la cuadr\u00edcula de las calles Chivilcoy R\u00f3mulo Na\u00f3n, Caseros y 3 de febrero.<\/p>\n\n\n\n<p>Dos cuadrillas con tractor y acoplado contin\u00faan limpiando alcantarillas y cunetas en la cuadr\u00edcula de las calles Chivilcoy R\u00f3mulo Na\u00f3n, Caseros y 3 de febrero.<\/p>\n\n\n\n<p>F\u00e1brica de tubos se encuentra trabajando normalmente.<\/p>\n\n\n\n<p>Una retroexcavadora con cuadrilla continuar\u00e1 por la tarde realizando tarea de limpieza en tubos.<\/p>\n\n\n\n<p>Una retroexcavadora con cuadrillas continuar\u00e1 por la tarde realizando tareas de limpieza en tubos y cunetas en el camino bajo a La Tosquera.<\/p>\n\n\n\n<p>Un tractor con acoplado contin\u00faa realizando trabajos de bacheo en la cuadr\u00edcula de las calles 3 de febrero, Caroni, Sarmiento y Chivilcoy.<\/p>\n\n\n\n<p>Una camioneta con acoplado realiza tareas de limpieza en plazas y avenidas.<\/p>\n\n\n\n<p>Un cami\u00f3n con cuadrilla realiza limpieza de ramas en diferentes zonas de la ciudad.<\/p>\n","protected":false},"excerpt":{"rendered":"<p>Una motoniveladora realiza trabajo de arreglo de caminos en Barrio La Tosquera. Tres camiones llevan tosca al barrio La Tosquera. Una retroexcavadora contin\u00faa limpiando cunetas en la cuadr\u00edcula de las calles Chivilcoy R\u00f3mulo Na\u00f3n, Caseros y 3 de febrero. Dos cuadrillas con tractor y acoplado contin\u00faan limpiando alcantarillas y cunetas en la cuadr\u00edcula de las [&hellip;]<\/p>\n","protected":false},"author":4,"featured_media":95370,"comment_status":"closed","ping_status":"closed","sticky":false,"template":"","format":"standard","meta":{"om_disable_all_campaigns":false,"_jetpack_memberships_contains_paid_content":false,"footnotes":""},"categories":[101,2],"tags":[],"class_list":["post-96867","post","type-post","status-publish","format-standard","has-post-thumbnail","hentry","category-interes-general-locales","category-locales"],"aioseo_notices":[],"gutentor_comment":0,"jetpack_featured_media_url":"https:\/\/eldiariodesanpedro.com.ar\/sitio\/wp-content\/uploads\/2021\/07\/WhatsApp-Image-2021-07-07-at-12.39.00.jpeg","jetpack_shortlink":"https:\/\/wp.me\/p6RhLt-pcn","jetpack_sharing_enabled":true,"_links":{"self":[{"href":"https:\/\/eldiariodesanpedro.com.ar\/sitio\/wp-json\/wp\/v2\/posts\/96867","targetHints":{"allow":["GET"]}}],"collection":[{"href":"https:\/\/eldiariodesanpedro.com.ar\/sitio\/wp-json\/wp\/v2\/posts"}],"about":[{"href":"https:\/\/eldiariodesanpedro.com.ar\/sitio\/wp-json\/wp\/v2\/types\/post"}],"author":[{"embeddable":true,"href":"https:\/\/eldiariodesanpedro.com.ar\/sitio\/wp-json\/wp\/v2\/users\/4"}],"replies":[{"embeddable":true,"href":"https:\/\/eldiariodesanpedro.com.ar\/sitio\/wp-json\/wp\/v2\/comments?post=96867"}],"version-history":[{"count":1,"href":"https:\/\/eldiariodesanpedro.com.ar\/sitio\/wp-json\/wp\/v2\/posts\/96867\/revisions"}],"predecessor-version":[{"id":96868,"href":"https:\/\/eldiariodesanpedro.com.ar\/sitio\/wp-json\/wp\/v2\/posts\/96867\/revisions\/96868"}],"wp:featuredmedia":[{"embeddable":true,"href":"https:\/\/eldiariodesanpedro.com.ar\/sitio\/wp-json\/wp\/v2\/media\/95370"}],"wp:attachment":[{"href":"https:\/\/eldiariodesanpedro.com.ar\/sitio\/wp-json\/wp\/v2\/media?parent=96867"}],"wp:term":[{"taxonomy":"category","embeddable":true,"href":"https:\/\/eldiariodesanpedro.com.ar\/sitio\/wp-json\/wp\/v2\/categories?post=96867"},{"taxonomy":"post_tag","embeddable":true,"href":"https:\/\/eldiariodesanpedro.com.ar\/sitio\/wp-json\/wp\/v2\/tags?post=96867"}],"curies":[{"name":"wp","href":"https:\/\/api.w.org\/{rel}","templated":true}]}}