{"id":96865,"date":"2021-08-03T14:31:30","date_gmt":"2021-08-03T17:31:30","guid":{"rendered":"https:\/\/eldiariodesanpedro.com.ar\/sitio\/?p=96865"},"modified":"2021-08-03T14:31:34","modified_gmt":"2021-08-03T17:31:34","slug":"edicto-de-sucesion-de-lopez-y-landolfi","status":"publish","type":"post","link":"https:\/\/eldiariodesanpedro.com.ar\/sitio\/edicto-de-sucesion-de-lopez-y-landolfi\/","title":{"rendered":"Edicto de Sucesi\u00f3n de Lopez y Landolfi"},"content":{"rendered":"<!-- VideographyWP Plugin Message: Automatic video embedding prevented by plugin options. -->\n\n<p>El Juz<strong>gad<\/strong><strong>o Ci<\/strong><strong>v<\/strong><strong>il <\/strong><strong>y Comerci<\/strong>al N\u00b0 5, Secretar\u00eda \u00danica, del Depa<strong>rtamento Ju<\/strong>dicial de San Nicol\u00e1s, cit<strong>a y emplaza por treinta d\u00edas a herederos y acreedores de Don L\u00d3PEZ, ALBERTO <\/strong><strong>GUILLE<\/strong><strong>R<\/strong>MO y de Do\u00f1a LANDOLFI, ALICIA, en <strong>los autos caratulados \u00abL\u00d3PEZ, ALBERTO G<\/strong><strong>UILL<\/strong><strong>ERMO Y LANDO<\/strong><strong>LFI, ALICI<\/strong><strong>A\u201d, Expt<\/strong>e. N\u00b0 SN-<strong>50<\/strong><strong>41<\/strong><strong>-2021. <\/strong>San Nicol\u00e1s, .15 de JUlio de 2021.-<\/p>\n\n\n\n<p><strong>BLUHN Leonardo. <\/strong><br><strong>AUXILIAR LETRADO<\/strong><\/p>\n","protected":false},"excerpt":{"rendered":"<p>El Juzgado Civil y Comercial N\u00b0 5, Secretar\u00eda \u00danica, del Departamento Judicial de San Nicol\u00e1s, cita y emplaza por treinta d\u00edas a herederos y acreedores de Don L\u00d3PEZ, ALBERTO GUILLERMO y de Do\u00f1a LANDOLFI, ALICIA, en los autos caratulados \u00abL\u00d3PEZ, ALBERTO GUILLERMO Y LANDOLFI, ALICIA\u201d, Expte. N\u00b0 SN-5041-2021. San Nicol\u00e1s, .15 de JUlio de 2021.- [&hellip;]<\/p>\n","protected":false},"author":4,"featured_media":81115,"comment_status":"closed","ping_status":"closed","sticky":false,"template":"","format":"standard","meta":{"om_disable_all_campaigns":false,"_jetpack_memberships_contains_paid_content":false,"footnotes":""},"categories":[676,677],"tags":[],"class_list":["post-96865","post","type-post","status-publish","format-standard","has-post-thumbnail","hentry","category-edictos","category-edictos-sucesorios"],"aioseo_notices":[],"gutentor_comment":0,"jetpack_featured_media_url":"https:\/\/eldiariodesanpedro.com.ar\/sitio\/wp-content\/uploads\/2020\/09\/Poder-Judicial.jpg","jetpack_shortlink":"https:\/\/wp.me\/p6RhLt-pcl","jetpack_sharing_enabled":true,"_links":{"self":[{"href":"https:\/\/eldiariodesanpedro.com.ar\/sitio\/wp-json\/wp\/v2\/posts\/96865","targetHints":{"allow":["GET"]}}],"collection":[{"href":"https:\/\/eldiariodesanpedro.com.ar\/sitio\/wp-json\/wp\/v2\/posts"}],"about":[{"href":"https:\/\/eldiariodesanpedro.com.ar\/sitio\/wp-json\/wp\/v2\/types\/post"}],"author":[{"embeddable":true,"href":"https:\/\/eldiariodesanpedro.com.ar\/sitio\/wp-json\/wp\/v2\/users\/4"}],"replies":[{"embeddable":true,"href":"https:\/\/eldiariodesanpedro.com.ar\/sitio\/wp-json\/wp\/v2\/comments?post=96865"}],"version-history":[{"count":1,"href":"https:\/\/eldiariodesanpedro.com.ar\/sitio\/wp-json\/wp\/v2\/posts\/96865\/revisions"}],"predecessor-version":[{"id":96866,"href":"https:\/\/eldiariodesanpedro.com.ar\/sitio\/wp-json\/wp\/v2\/posts\/96865\/revisions\/96866"}],"wp:featuredmedia":[{"embeddable":true,"href":"https:\/\/eldiariodesanpedro.com.ar\/sitio\/wp-json\/wp\/v2\/media\/81115"}],"wp:attachment":[{"href":"https:\/\/eldiariodesanpedro.com.ar\/sitio\/wp-json\/wp\/v2\/media?parent=96865"}],"wp:term":[{"taxonomy":"category","embeddable":true,"href":"https:\/\/eldiariodesanpedro.com.ar\/sitio\/wp-json\/wp\/v2\/categories?post=96865"},{"taxonomy":"post_tag","embeddable":true,"href":"https:\/\/eldiariodesanpedro.com.ar\/sitio\/wp-json\/wp\/v2\/tags?post=96865"}],"curies":[{"name":"wp","href":"https:\/\/api.w.org\/{rel}","templated":true}]}}