{"id":96861,"date":"2021-08-03T14:29:25","date_gmt":"2021-08-03T17:29:25","guid":{"rendered":"https:\/\/eldiariodesanpedro.com.ar\/sitio\/?p=96861"},"modified":"2021-08-03T14:29:29","modified_gmt":"2021-08-03T17:29:29","slug":"edicto-de-sucesion-de-barreiros-ruben-adolfo","status":"publish","type":"post","link":"https:\/\/eldiariodesanpedro.com.ar\/sitio\/edicto-de-sucesion-de-barreiros-ruben-adolfo\/","title":{"rendered":"Edicto de Sucesion de Barreiros Ruben Adolfo"},"content":{"rendered":"<!-- VideographyWP Plugin Message: Automatic video embedding prevented by plugin options. -->\n\n<p>El juzgado en lo Civil y Comercial N\u00ba 2 de San Nicol\u00e1s cita y emplaza por 30 d\u00edas a herederos y acreedores de<strong> Barreiros Ruben Adolfo<\/strong>.- San Nicol\u00e1s, de junio de 2021.-<\/p>\n\n\n\n<p>DRA NANCY ELIZABETH CAIRO<br>ABOGADA SECRETARIA<\/p>\n","protected":false},"excerpt":{"rendered":"<p>El juzgado en lo Civil y Comercial N\u00ba 2 de San Nicol\u00e1s cita y emplaza por 30 d\u00edas a herederos y acreedores de Barreiros Ruben Adolfo.- San Nicol\u00e1s, de junio de 2021.- DRA NANCY ELIZABETH CAIROABOGADA SECRETARIA<\/p>\n","protected":false},"author":4,"featured_media":81115,"comment_status":"closed","ping_status":"closed","sticky":false,"template":"","format":"standard","meta":{"om_disable_all_campaigns":false,"_jetpack_memberships_contains_paid_content":false,"footnotes":""},"categories":[676,677],"tags":[],"class_list":["post-96861","post","type-post","status-publish","format-standard","has-post-thumbnail","hentry","category-edictos","category-edictos-sucesorios"],"aioseo_notices":[],"gutentor_comment":0,"jetpack_featured_media_url":"https:\/\/eldiariodesanpedro.com.ar\/sitio\/wp-content\/uploads\/2020\/09\/Poder-Judicial.jpg","jetpack_shortlink":"https:\/\/wp.me\/p6RhLt-pch","jetpack_sharing_enabled":true,"_links":{"self":[{"href":"https:\/\/eldiariodesanpedro.com.ar\/sitio\/wp-json\/wp\/v2\/posts\/96861","targetHints":{"allow":["GET"]}}],"collection":[{"href":"https:\/\/eldiariodesanpedro.com.ar\/sitio\/wp-json\/wp\/v2\/posts"}],"about":[{"href":"https:\/\/eldiariodesanpedro.com.ar\/sitio\/wp-json\/wp\/v2\/types\/post"}],"author":[{"embeddable":true,"href":"https:\/\/eldiariodesanpedro.com.ar\/sitio\/wp-json\/wp\/v2\/users\/4"}],"replies":[{"embeddable":true,"href":"https:\/\/eldiariodesanpedro.com.ar\/sitio\/wp-json\/wp\/v2\/comments?post=96861"}],"version-history":[{"count":1,"href":"https:\/\/eldiariodesanpedro.com.ar\/sitio\/wp-json\/wp\/v2\/posts\/96861\/revisions"}],"predecessor-version":[{"id":96864,"href":"https:\/\/eldiariodesanpedro.com.ar\/sitio\/wp-json\/wp\/v2\/posts\/96861\/revisions\/96864"}],"wp:featuredmedia":[{"embeddable":true,"href":"https:\/\/eldiariodesanpedro.com.ar\/sitio\/wp-json\/wp\/v2\/media\/81115"}],"wp:attachment":[{"href":"https:\/\/eldiariodesanpedro.com.ar\/sitio\/wp-json\/wp\/v2\/media?parent=96861"}],"wp:term":[{"taxonomy":"category","embeddable":true,"href":"https:\/\/eldiariodesanpedro.com.ar\/sitio\/wp-json\/wp\/v2\/categories?post=96861"},{"taxonomy":"post_tag","embeddable":true,"href":"https:\/\/eldiariodesanpedro.com.ar\/sitio\/wp-json\/wp\/v2\/tags?post=96861"}],"curies":[{"name":"wp","href":"https:\/\/api.w.org\/{rel}","templated":true}]}}