{"id":96860,"date":"2021-08-03T14:27:04","date_gmt":"2021-08-03T17:27:04","guid":{"rendered":"https:\/\/eldiariodesanpedro.com.ar\/sitio\/?p=96860"},"modified":"2021-08-03T14:27:44","modified_gmt":"2021-08-03T17:27:44","slug":"edicto-de-sucesion-de-olivera-julia-esther","status":"publish","type":"post","link":"https:\/\/eldiariodesanpedro.com.ar\/sitio\/edicto-de-sucesion-de-olivera-julia-esther\/","title":{"rendered":"Edicto de Sucesi\u00f3n de Olivera Julia Esther"},"content":{"rendered":"<!-- VideographyWP Plugin Message: Automatic video embedding prevented by plugin options. -->\n\n<p>El juzgado Civil y Comercial N\u00ba 2 de San Nicol\u00e1s cita y emplaza por 30 d\u00edas a herederos y acreedores de <strong>OLIVERA JULIA ESTHER<\/strong>. San Nicol\u00e1s, 02 de Agosto de 2021.-<\/p>\n\n\n\n<p>DRA NANCY ELIZABETH CAIRO<br>ABOGADA SECRETARIA<\/p>\n","protected":false},"excerpt":{"rendered":"<p>El juzgado Civil y Comercial N\u00ba 2 de San Nicol\u00e1s cita y emplaza por 30 d\u00edas a herederos y acreedores de OLIVERA JULIA ESTHER. San Nicol\u00e1s, 02 de Agosto de 2021.- DRA NANCY ELIZABETH CAIROABOGADA SECRETARIA<\/p>\n","protected":false},"author":4,"featured_media":81115,"comment_status":"closed","ping_status":"closed","sticky":false,"template":"","format":"standard","meta":{"om_disable_all_campaigns":false,"_jetpack_memberships_contains_paid_content":false,"footnotes":""},"categories":[676,677],"tags":[],"class_list":["post-96860","post","type-post","status-publish","format-standard","has-post-thumbnail","hentry","category-edictos","category-edictos-sucesorios"],"aioseo_notices":[],"gutentor_comment":0,"jetpack_featured_media_url":"https:\/\/eldiariodesanpedro.com.ar\/sitio\/wp-content\/uploads\/2020\/09\/Poder-Judicial.jpg","jetpack_shortlink":"https:\/\/wp.me\/p6RhLt-pcg","jetpack_sharing_enabled":true,"_links":{"self":[{"href":"https:\/\/eldiariodesanpedro.com.ar\/sitio\/wp-json\/wp\/v2\/posts\/96860","targetHints":{"allow":["GET"]}}],"collection":[{"href":"https:\/\/eldiariodesanpedro.com.ar\/sitio\/wp-json\/wp\/v2\/posts"}],"about":[{"href":"https:\/\/eldiariodesanpedro.com.ar\/sitio\/wp-json\/wp\/v2\/types\/post"}],"author":[{"embeddable":true,"href":"https:\/\/eldiariodesanpedro.com.ar\/sitio\/wp-json\/wp\/v2\/users\/4"}],"replies":[{"embeddable":true,"href":"https:\/\/eldiariodesanpedro.com.ar\/sitio\/wp-json\/wp\/v2\/comments?post=96860"}],"version-history":[{"count":2,"href":"https:\/\/eldiariodesanpedro.com.ar\/sitio\/wp-json\/wp\/v2\/posts\/96860\/revisions"}],"predecessor-version":[{"id":96863,"href":"https:\/\/eldiariodesanpedro.com.ar\/sitio\/wp-json\/wp\/v2\/posts\/96860\/revisions\/96863"}],"wp:featuredmedia":[{"embeddable":true,"href":"https:\/\/eldiariodesanpedro.com.ar\/sitio\/wp-json\/wp\/v2\/media\/81115"}],"wp:attachment":[{"href":"https:\/\/eldiariodesanpedro.com.ar\/sitio\/wp-json\/wp\/v2\/media?parent=96860"}],"wp:term":[{"taxonomy":"category","embeddable":true,"href":"https:\/\/eldiariodesanpedro.com.ar\/sitio\/wp-json\/wp\/v2\/categories?post=96860"},{"taxonomy":"post_tag","embeddable":true,"href":"https:\/\/eldiariodesanpedro.com.ar\/sitio\/wp-json\/wp\/v2\/tags?post=96860"}],"curies":[{"name":"wp","href":"https:\/\/api.w.org\/{rel}","templated":true}]}}