{"id":96858,"date":"2021-08-03T14:23:16","date_gmt":"2021-08-03T17:23:16","guid":{"rendered":"https:\/\/eldiariodesanpedro.com.ar\/sitio\/?p=96858"},"modified":"2021-08-03T14:23:20","modified_gmt":"2021-08-03T17:23:20","slug":"edicto-de-sucesion-de-rodriguez-carlos-alberto-2","status":"publish","type":"post","link":"https:\/\/eldiariodesanpedro.com.ar\/sitio\/edicto-de-sucesion-de-rodriguez-carlos-alberto-2\/","title":{"rendered":"Edicto de Sucesion de Rodriguez Carlos Alberto"},"content":{"rendered":"<!-- VideographyWP Plugin Message: Automatic video embedding prevented by plugin options. -->\n\n<p>Juzgado Civil y Comercial N\u00ba1, Secretar\u00eda \u00danica, del Departamento Judicial de San Nicol\u00e1s, Provincia de Buenos Aires, sito en calle C. Pellegrini N\u00ba68 de San Nicol\u00e1s, cita y emplaza por treinta d\u00edas a herederos y acreedores de Don RODRIGUEZ CARLOS ALBERTO.\u00a0San Nicol\u00e1s,15 de Julio de 2021.-<\/p>\n\n\n\n<p>DR. DANIEL CIVILOTTI<br>AUXILIAR LETRADO<\/p>\n","protected":false},"excerpt":{"rendered":"<p>Juzgado Civil y Comercial N\u00ba1, Secretar\u00eda \u00danica, del Departamento Judicial de San Nicol\u00e1s, Provincia de Buenos Aires, sito en calle C. Pellegrini N\u00ba68 de San Nicol\u00e1s, cita y emplaza por treinta d\u00edas a herederos y acreedores de Don RODRIGUEZ CARLOS ALBERTO.\u00a0San Nicol\u00e1s,15 de Julio de 2021.- DR. DANIEL CIVILOTTIAUXILIAR LETRADO<\/p>\n","protected":false},"author":4,"featured_media":81115,"comment_status":"closed","ping_status":"closed","sticky":false,"template":"","format":"standard","meta":{"om_disable_all_campaigns":false,"_jetpack_memberships_contains_paid_content":false,"footnotes":""},"categories":[676,677],"tags":[],"class_list":["post-96858","post","type-post","status-publish","format-standard","has-post-thumbnail","hentry","category-edictos","category-edictos-sucesorios"],"aioseo_notices":[],"gutentor_comment":0,"jetpack_featured_media_url":"https:\/\/eldiariodesanpedro.com.ar\/sitio\/wp-content\/uploads\/2020\/09\/Poder-Judicial.jpg","jetpack_shortlink":"https:\/\/wp.me\/p6RhLt-pce","jetpack_sharing_enabled":true,"_links":{"self":[{"href":"https:\/\/eldiariodesanpedro.com.ar\/sitio\/wp-json\/wp\/v2\/posts\/96858","targetHints":{"allow":["GET"]}}],"collection":[{"href":"https:\/\/eldiariodesanpedro.com.ar\/sitio\/wp-json\/wp\/v2\/posts"}],"about":[{"href":"https:\/\/eldiariodesanpedro.com.ar\/sitio\/wp-json\/wp\/v2\/types\/post"}],"author":[{"embeddable":true,"href":"https:\/\/eldiariodesanpedro.com.ar\/sitio\/wp-json\/wp\/v2\/users\/4"}],"replies":[{"embeddable":true,"href":"https:\/\/eldiariodesanpedro.com.ar\/sitio\/wp-json\/wp\/v2\/comments?post=96858"}],"version-history":[{"count":1,"href":"https:\/\/eldiariodesanpedro.com.ar\/sitio\/wp-json\/wp\/v2\/posts\/96858\/revisions"}],"predecessor-version":[{"id":96859,"href":"https:\/\/eldiariodesanpedro.com.ar\/sitio\/wp-json\/wp\/v2\/posts\/96858\/revisions\/96859"}],"wp:featuredmedia":[{"embeddable":true,"href":"https:\/\/eldiariodesanpedro.com.ar\/sitio\/wp-json\/wp\/v2\/media\/81115"}],"wp:attachment":[{"href":"https:\/\/eldiariodesanpedro.com.ar\/sitio\/wp-json\/wp\/v2\/media?parent=96858"}],"wp:term":[{"taxonomy":"category","embeddable":true,"href":"https:\/\/eldiariodesanpedro.com.ar\/sitio\/wp-json\/wp\/v2\/categories?post=96858"},{"taxonomy":"post_tag","embeddable":true,"href":"https:\/\/eldiariodesanpedro.com.ar\/sitio\/wp-json\/wp\/v2\/tags?post=96858"}],"curies":[{"name":"wp","href":"https:\/\/api.w.org\/{rel}","templated":true}]}}