{"id":96843,"date":"2021-08-03T11:12:02","date_gmt":"2021-08-03T14:12:02","guid":{"rendered":"https:\/\/eldiariodesanpedro.com.ar\/sitio\/?p=96843"},"modified":"2021-08-03T11:14:36","modified_gmt":"2021-08-03T14:14:36","slug":"en-casi-7-de-10-accidentes-en-san-pedro-durante-el-mes-de-julio-esta-involucrado-una-motocicleta","status":"publish","type":"post","link":"https:\/\/eldiariodesanpedro.com.ar\/sitio\/en-casi-7-de-10-accidentes-en-san-pedro-durante-el-mes-de-julio-esta-involucrado-una-motocicleta\/","title":{"rendered":"En casi 7 de 10 accidentes en San Pedro durante el mes de julio est\u00e1 involucrado una motocicleta"},"content":{"rendered":"<!-- VideographyWP Plugin Message: Automatic video embedding prevented by plugin options. -->\n\n<p>La Secretar\u00eda de Seguridad de la Municipalidad de San Pedro presenta el informe mensual elaborado con los registros que se cargan cotidianamente sobre las caracter\u00edsticas de los accidentes que son reportados en el Partido. Durante el mes de julio se contabilizaron 61 accidentes.<\/p>\n\n\n\n<p>De acuerdo al informe presentado el 48% fue protagonizado entre motocicletas y veh\u00edculos. En segundo lugar figuran con un 29% los accidentes entre motocicletas, el 19% corresponde a accidentes entre veh\u00edculos y el 4% restante entre peatones o bicicletas y veh\u00edculos.<\/p>\n\n\n\n<p>Esta informaci\u00f3n es volcada en el registro anual que confecciona la Secretar\u00eda y que es considerado para el an\u00e1lisis de la situaci\u00f3n general, las campa\u00f1as de prevenci\u00f3n y los operativos de control.<\/p>\n\n\n\n<figure class=\"wp-block-image size-large\"><img decoding=\"async\" width=\"940\" height=\"788\" data-attachment-id=\"96847\" data-permalink=\"https:\/\/eldiariodesanpedro.com.ar\/sitio\/en-casi-7-de-10-accidentes-en-san-pedro-durante-el-mes-de-julio-esta-involucrado-una-motocicleta\/whatsapp-image-2021-08-03-at-09-12-44\/\" data-orig-file=\"https:\/\/eldiariodesanpedro.com.ar\/sitio\/wp-content\/uploads\/2021\/08\/WhatsApp-Image-2021-08-03-at-09.12.44.jpeg\" data-orig-size=\"940,788\" data-comments-opened=\"0\" data-image-meta=\"{&quot;aperture&quot;:&quot;0&quot;,&quot;credit&quot;:&quot;&quot;,&quot;camera&quot;:&quot;&quot;,&quot;caption&quot;:&quot;&quot;,&quot;created_timestamp&quot;:&quot;0&quot;,&quot;copyright&quot;:&quot;&quot;,&quot;focal_length&quot;:&quot;0&quot;,&quot;iso&quot;:&quot;0&quot;,&quot;shutter_speed&quot;:&quot;0&quot;,&quot;title&quot;:&quot;&quot;,&quot;orientation&quot;:&quot;0&quot;}\" data-image-title=\"WhatsApp-Image-2021-08-03-at-09.12.44\" data-image-description=\"\" data-image-caption=\"\" data-large-file=\"https:\/\/eldiariodesanpedro.com.ar\/sitio\/wp-content\/uploads\/2021\/08\/WhatsApp-Image-2021-08-03-at-09.12.44.jpeg\" data-src=\"https:\/\/eldiariodesanpedro.com.ar\/sitio\/wp-content\/uploads\/2021\/08\/WhatsApp-Image-2021-08-03-at-09.12.44.jpeg\" alt=\"\" class=\"wp-image-96847 lazyload\" data-srcset=\"https:\/\/eldiariodesanpedro.com.ar\/sitio\/wp-content\/uploads\/2021\/08\/WhatsApp-Image-2021-08-03-at-09.12.44.jpeg 940w, https:\/\/eldiariodesanpedro.com.ar\/sitio\/wp-content\/uploads\/2021\/08\/WhatsApp-Image-2021-08-03-at-09.12.44-300x251.jpeg 300w, https:\/\/eldiariodesanpedro.com.ar\/sitio\/wp-content\/uploads\/2021\/08\/WhatsApp-Image-2021-08-03-at-09.12.44-768x644.jpeg 768w\" data-sizes=\"(max-width: 940px) 100vw, 940px\" src=\"data:image\/svg+xml;base64,PHN2ZyB3aWR0aD0iMSIgaGVpZ2h0PSIxIiB4bWxucz0iaHR0cDovL3d3dy53My5vcmcvMjAwMC9zdmciPjwvc3ZnPg==\" style=\"--smush-placeholder-width: 940px; --smush-placeholder-aspect-ratio: 940\/788;\" \/><\/figure>\n","protected":false},"excerpt":{"rendered":"<p>La Secretar\u00eda de Seguridad de la Municipalidad de San Pedro presenta el informe mensual elaborado con los registros que se cargan cotidianamente sobre las caracter\u00edsticas de los accidentes que son reportados en el Partido. Durante el mes de julio se contabilizaron 61 accidentes. De acuerdo al informe presentado el 48% fue protagonizado entre motocicletas y [&hellip;]<\/p>\n","protected":false},"author":4,"featured_media":96499,"comment_status":"closed","ping_status":"closed","sticky":false,"template":"","format":"standard","meta":{"om_disable_all_campaigns":false,"_jetpack_memberships_contains_paid_content":false,"footnotes":""},"categories":[50,101,2],"tags":[],"class_list":["post-96843","post","type-post","status-publish","format-standard","has-post-thumbnail","hentry","category-destacadas","category-interes-general-locales","category-locales"],"aioseo_notices":[],"gutentor_comment":0,"jetpack_featured_media_url":"https:\/\/eldiariodesanpedro.com.ar\/sitio\/wp-content\/uploads\/2021\/07\/20210728_182738-scaled-e1627999901506.jpg","jetpack_shortlink":"https:\/\/wp.me\/p6RhLt-pbZ","jetpack_sharing_enabled":true,"_links":{"self":[{"href":"https:\/\/eldiariodesanpedro.com.ar\/sitio\/wp-json\/wp\/v2\/posts\/96843","targetHints":{"allow":["GET"]}}],"collection":[{"href":"https:\/\/eldiariodesanpedro.com.ar\/sitio\/wp-json\/wp\/v2\/posts"}],"about":[{"href":"https:\/\/eldiariodesanpedro.com.ar\/sitio\/wp-json\/wp\/v2\/types\/post"}],"author":[{"embeddable":true,"href":"https:\/\/eldiariodesanpedro.com.ar\/sitio\/wp-json\/wp\/v2\/users\/4"}],"replies":[{"embeddable":true,"href":"https:\/\/eldiariodesanpedro.com.ar\/sitio\/wp-json\/wp\/v2\/comments?post=96843"}],"version-history":[{"count":2,"href":"https:\/\/eldiariodesanpedro.com.ar\/sitio\/wp-json\/wp\/v2\/posts\/96843\/revisions"}],"predecessor-version":[{"id":96848,"href":"https:\/\/eldiariodesanpedro.com.ar\/sitio\/wp-json\/wp\/v2\/posts\/96843\/revisions\/96848"}],"wp:featuredmedia":[{"embeddable":true,"href":"https:\/\/eldiariodesanpedro.com.ar\/sitio\/wp-json\/wp\/v2\/media\/96499"}],"wp:attachment":[{"href":"https:\/\/eldiariodesanpedro.com.ar\/sitio\/wp-json\/wp\/v2\/media?parent=96843"}],"wp:term":[{"taxonomy":"category","embeddable":true,"href":"https:\/\/eldiariodesanpedro.com.ar\/sitio\/wp-json\/wp\/v2\/categories?post=96843"},{"taxonomy":"post_tag","embeddable":true,"href":"https:\/\/eldiariodesanpedro.com.ar\/sitio\/wp-json\/wp\/v2\/tags?post=96843"}],"curies":[{"name":"wp","href":"https:\/\/api.w.org\/{rel}","templated":true}]}}